{"id":286,"date":"2025-03-18T19:49:46","date_gmt":"2025-03-18T18:49:46","guid":{"rendered":"https:\/\/vejezactiva.cl\/?p=286"},"modified":"2025-03-18T19:49:46","modified_gmt":"2025-03-18T18:49:46","slug":"nuestra-presidenta-es-parte-del-directorio-de-personas-mayores-presentes","status":"publish","type":"post","link":"https:\/\/vejezactiva.cl\/index.php\/2025\/03\/18\/nuestra-presidenta-es-parte-del-directorio-de-personas-mayores-presentes\/","title":{"rendered":"Nuestra Presidenta es parte del Directorio de Personas Mayores Presentes"},"content":{"rendered":"\n<p>Fecha 01 de Enero de 2025, Fuente https:\/\/pmpresentes.cl\/directorio<\/p>\n\n\n\n<p>La presidenta de <strong>Fundaci\u00f3n Vejez Activa<\/strong> ha sido incorporada al <strong>Directorio de Personas Mayores Presentes<\/strong>, una iniciativa que busca promover los derechos, la participaci\u00f3n y el bienestar de las personas mayores en Chile. Su incorporaci\u00f3n refuerza el compromiso de la fundaci\u00f3n con el envejecimiento activo y la construcci\u00f3n de una sociedad m\u00e1s inclusiva. Desde este nuevo rol, contribuir\u00e1 a la generaci\u00f3n de pol\u00edticas y acciones que fomenten una mejor calidad de vida para las personas mayores.<\/p>\n","protected":false},"excerpt":{"rendered":"<p>Fecha 01 de Enero de 2025, Fuente https:\/\/pmpresentes.cl\/directorio La presidenta de Fundaci\u00f3n Vejez Activa ha sido incorporada al Directorio de Personas Mayores Presentes, una iniciativa que busca promover los derechos, la participaci\u00f3n y el bienestar de las personas mayores en Chile. Su incorporaci\u00f3n refuerza el compromiso de la fundaci\u00f3n con el envejecimiento activo y la [&hellip;]<\/p>\n","protected":false},"author":1,"featured_media":287,"comment_status":"open","ping_status":"open","sticky":false,"template":"","format":"standard","meta":{"_et_pb_use_builder":"off","_et_pb_old_content":"","_et_gb_content_width":"","inline_featured_image":false,"footnotes":""},"categories":[6],"tags":[],"class_list":["post-286","post","type-post","status-publish","format-standard","has-post-thumbnail","hentry","category-noticias"],"_links":{"self":[{"href":"https:\/\/vejezactiva.cl\/index.php\/wp-json\/wp\/v2\/posts\/286","targetHints":{"allow":["GET"]}}],"collection":[{"href":"https:\/\/vejezactiva.cl\/index.php\/wp-json\/wp\/v2\/posts"}],"about":[{"href":"https:\/\/vejezactiva.cl\/index.php\/wp-json\/wp\/v2\/types\/post"}],"author":[{"embeddable":true,"href":"https:\/\/vejezactiva.cl\/index.php\/wp-json\/wp\/v2\/users\/1"}],"replies":[{"embeddable":true,"href":"https:\/\/vejezactiva.cl\/index.php\/wp-json\/wp\/v2\/comments?post=286"}],"version-history":[{"count":1,"href":"https:\/\/vejezactiva.cl\/index.php\/wp-json\/wp\/v2\/posts\/286\/revisions"}],"predecessor-version":[{"id":288,"href":"https:\/\/vejezactiva.cl\/index.php\/wp-json\/wp\/v2\/posts\/286\/revisions\/288"}],"wp:featuredmedia":[{"embeddable":true,"href":"https:\/\/vejezactiva.cl\/index.php\/wp-json\/wp\/v2\/media\/287"}],"wp:attachment":[{"href":"https:\/\/vejezactiva.cl\/index.php\/wp-json\/wp\/v2\/media?parent=286"}],"wp:term":[{"taxonomy":"category","embeddable":true,"href":"https:\/\/vejezactiva.cl\/index.php\/wp-json\/wp\/v2\/categories?post=286"},{"taxonomy":"post_tag","embeddable":true,"href":"https:\/\/vejezactiva.cl\/index.php\/wp-json\/wp\/v2\/tags?post=286"}],"curies":[{"name":"wp","href":"https:\/\/api.w.org\/{rel}","templated":true}]}}