{"id":264,"date":"2025-03-18T19:44:25","date_gmt":"2025-03-18T18:44:25","guid":{"rendered":"https:\/\/vejezactiva.cl\/?p=264"},"modified":"2025-03-18T19:44:26","modified_gmt":"2025-03-18T18:44:26","slug":"fundacion-vejez-activa-chile-estuvo-en-ahora-caigo","status":"publish","type":"post","link":"https:\/\/vejezactiva.cl\/index.php\/2025\/03\/18\/fundacion-vejez-activa-chile-estuvo-en-ahora-caigo\/","title":{"rendered":"Fundaci\u00f3n Vejez Activa Chile estuvo en Ahora Caigo"},"content":{"rendered":"\n<p>Fecha 29 de junio de 2024, Fuente @<strong><\/strong><\/p>\n\n\n\n<figure class=\"wp-block-embed\"><div class=\"wp-block-embed__wrapper\">\nhttps:\/\/www.instagram.com\/reel\/C8yUogTO6E1\/?utm_source=ig_web_copy_link\n<\/div><\/figure>\n\n\n\n<p>Les compartimos un extracto de lo que fue nuestra presencia Ahora caigo chile por las pantallas de TVN con nuestra Directora General Catherine Aravena, miembros colaboradores y voluntarios.<\/p>\n\n\n\n<p>Estamos tremendamente agradecidas de la oportunidad de participar y visibilizar nuestra misi\u00f3n, visi\u00f3n y acci\u00f3n como Fundaci\u00f3n Vejez Activa Chile.<\/p>\n\n\n\n<p>Agradecemos enormemente a nuestro gran representante Juan Angel por acompa\u00f1arnos y a Daniel Fuenzalida por liderar este tremendo programa.<\/p>\n\n\n\n<p>Y recuerden!!! Les invitamos afectuosamente a contactarnos para ser voluntarixs.<\/p>\n\n\n\n<p>Porque en Fundaci\u00f3n Vejez Activa Chile hacemos; \u201cGerontolog\u00eda para la comunidad\u201d<\/p>\n","protected":false},"excerpt":{"rendered":"<p>Fecha 29 de junio de 2024, Fuente @ Les compartimos un extracto de lo que fue nuestra presencia Ahora caigo chile por las pantallas de TVN con nuestra Directora General Catherine Aravena, miembros colaboradores y voluntarios. Estamos tremendamente agradecidas de la oportunidad de participar y visibilizar nuestra misi\u00f3n, visi\u00f3n y acci\u00f3n como Fundaci\u00f3n Vejez Activa [&hellip;]<\/p>\n","protected":false},"author":1,"featured_media":163,"comment_status":"open","ping_status":"open","sticky":false,"template":"","format":"standard","meta":{"_et_pb_use_builder":"off","_et_pb_old_content":"","_et_gb_content_width":"","inline_featured_image":false,"footnotes":""},"categories":[6],"tags":[],"class_list":["post-264","post","type-post","status-publish","format-standard","has-post-thumbnail","hentry","category-noticias"],"_links":{"self":[{"href":"https:\/\/vejezactiva.cl\/index.php\/wp-json\/wp\/v2\/posts\/264","targetHints":{"allow":["GET"]}}],"collection":[{"href":"https:\/\/vejezactiva.cl\/index.php\/wp-json\/wp\/v2\/posts"}],"about":[{"href":"https:\/\/vejezactiva.cl\/index.php\/wp-json\/wp\/v2\/types\/post"}],"author":[{"embeddable":true,"href":"https:\/\/vejezactiva.cl\/index.php\/wp-json\/wp\/v2\/users\/1"}],"replies":[{"embeddable":true,"href":"https:\/\/vejezactiva.cl\/index.php\/wp-json\/wp\/v2\/comments?post=264"}],"version-history":[{"count":1,"href":"https:\/\/vejezactiva.cl\/index.php\/wp-json\/wp\/v2\/posts\/264\/revisions"}],"predecessor-version":[{"id":265,"href":"https:\/\/vejezactiva.cl\/index.php\/wp-json\/wp\/v2\/posts\/264\/revisions\/265"}],"wp:featuredmedia":[{"embeddable":true,"href":"https:\/\/vejezactiva.cl\/index.php\/wp-json\/wp\/v2\/media\/163"}],"wp:attachment":[{"href":"https:\/\/vejezactiva.cl\/index.php\/wp-json\/wp\/v2\/media?parent=264"}],"wp:term":[{"taxonomy":"category","embeddable":true,"href":"https:\/\/vejezactiva.cl\/index.php\/wp-json\/wp\/v2\/categories?post=264"},{"taxonomy":"post_tag","embeddable":true,"href":"https:\/\/vejezactiva.cl\/index.php\/wp-json\/wp\/v2\/tags?post=264"}],"curies":[{"name":"wp","href":"https:\/\/api.w.org\/{rel}","templated":true}]}}