{"id":253,"date":"2025-03-18T19:41:34","date_gmt":"2025-03-18T18:41:34","guid":{"rendered":"https:\/\/vejezactiva.cl\/?p=253"},"modified":"2025-03-18T19:41:44","modified_gmt":"2025-03-18T18:41:44","slug":"nuestra-presidenta-modera-webinar-de-voces-mayores","status":"publish","type":"post","link":"https:\/\/vejezactiva.cl\/index.php\/2025\/03\/18\/nuestra-presidenta-modera-webinar-de-voces-mayores\/","title":{"rendered":"Nuestra Presidenta modera Webinar de Voces Mayores"},"content":{"rendered":"\n<p>Fecha 22 de enero de 2024, Fuente @<\/p>\n\n\n\n<figure class=\"wp-block-embed is-type-video is-provider-youtube wp-block-embed-youtube wp-embed-aspect-16-9 wp-has-aspect-ratio\"><div class=\"wp-block-embed__wrapper\">\n<iframe loading=\"lazy\" title=\"Webinar: &quot;Participaci\u00f3n y ciudadan\u00eda en la vejez: fortalezcamos el tejido social&quot;\" width=\"1080\" height=\"608\" src=\"https:\/\/www.youtube.com\/embed\/pGgT-zif6pE?feature=oembed\"  allow=\"accelerometer; autoplay; clipboard-write; encrypted-media; gyroscope; picture-in-picture; web-share\" referrerpolicy=\"strict-origin-when-cross-origin\" allowfullscreen><\/iframe>\n<\/div><\/figure>\n\n\n\n<p>Les invitamos al webinar \u201cParticipaci\u00f3n ciudadana en la vejez: fortalezcamos el tejido social\u201d.*<\/p>\n\n\n\n<p>\u201cLas personas mayores han sido destacadas por su alta participaci\u00f3n en organizaciones. Hoy, como todo cambia, eso tambi\u00e9n est\u00e1 cambiando. \u00bfA qu\u00e9 deber\u00edamos poner atenci\u00f3n para que la convivencia social no se siga debilitando?\u201d.<\/p>\n\n\n\n<p>Expone: Sara Caro, trabajadora social UC y acad\u00e9mica miembro del Centro UC Estudios de Vejez y Envejecimiento.<\/p>\n\n\n\n<p>Modera: Catherine Aravena Valero, Directora de Fundaci\u00f3n Vejez Activa Chile<\/p>\n\n\n\n<p>V\u00eda Zoom con transmisi\u00f3n en vivo por nuestro canal de YouTube:&nbsp; youtube.com\/vocesmayores<\/p>\n","protected":false},"excerpt":{"rendered":"<p>Fecha 22 de enero de 2024, Fuente @ Les invitamos al webinar \u201cParticipaci\u00f3n ciudadana en la vejez: fortalezcamos el tejido social\u201d.* \u201cLas personas mayores han sido destacadas por su alta participaci\u00f3n en organizaciones. Hoy, como todo cambia, eso tambi\u00e9n est\u00e1 cambiando. \u00bfA qu\u00e9 deber\u00edamos poner atenci\u00f3n para que la convivencia social no se siga debilitando?\u201d. [&hellip;]<\/p>\n","protected":false},"author":1,"featured_media":254,"comment_status":"closed","ping_status":"closed","sticky":false,"template":"","format":"standard","meta":{"_et_pb_use_builder":"off","_et_pb_old_content":"","_et_gb_content_width":"","inline_featured_image":false,"footnotes":""},"categories":[6],"tags":[],"class_list":["post-253","post","type-post","status-publish","format-standard","has-post-thumbnail","hentry","category-noticias"],"_links":{"self":[{"href":"https:\/\/vejezactiva.cl\/index.php\/wp-json\/wp\/v2\/posts\/253","targetHints":{"allow":["GET"]}}],"collection":[{"href":"https:\/\/vejezactiva.cl\/index.php\/wp-json\/wp\/v2\/posts"}],"about":[{"href":"https:\/\/vejezactiva.cl\/index.php\/wp-json\/wp\/v2\/types\/post"}],"author":[{"embeddable":true,"href":"https:\/\/vejezactiva.cl\/index.php\/wp-json\/wp\/v2\/users\/1"}],"replies":[{"embeddable":true,"href":"https:\/\/vejezactiva.cl\/index.php\/wp-json\/wp\/v2\/comments?post=253"}],"version-history":[{"count":1,"href":"https:\/\/vejezactiva.cl\/index.php\/wp-json\/wp\/v2\/posts\/253\/revisions"}],"predecessor-version":[{"id":255,"href":"https:\/\/vejezactiva.cl\/index.php\/wp-json\/wp\/v2\/posts\/253\/revisions\/255"}],"wp:featuredmedia":[{"embeddable":true,"href":"https:\/\/vejezactiva.cl\/index.php\/wp-json\/wp\/v2\/media\/254"}],"wp:attachment":[{"href":"https:\/\/vejezactiva.cl\/index.php\/wp-json\/wp\/v2\/media?parent=253"}],"wp:term":[{"taxonomy":"category","embeddable":true,"href":"https:\/\/vejezactiva.cl\/index.php\/wp-json\/wp\/v2\/categories?post=253"},{"taxonomy":"post_tag","embeddable":true,"href":"https:\/\/vejezactiva.cl\/index.php\/wp-json\/wp\/v2\/tags?post=253"}],"curies":[{"name":"wp","href":"https:\/\/api.w.org\/{rel}","templated":true}]}}