{"id":250,"date":"2025-03-18T19:40:40","date_gmt":"2025-03-18T18:40:40","guid":{"rendered":"https:\/\/vejezactiva.cl\/?p=250"},"modified":"2025-03-18T19:40:40","modified_gmt":"2025-03-18T18:40:40","slug":"entrevista-a-nuestra-directora","status":"publish","type":"post","link":"https:\/\/vejezactiva.cl\/index.php\/2025\/03\/18\/entrevista-a-nuestra-directora\/","title":{"rendered":"Entrevista a nuestra Directora"},"content":{"rendered":"\n<p>Fecha 02 enero de 2024, Fuente @<\/p>\n\n\n\n<p>Este a\u00f1o comenzamos dialogando con la comunidad. En enero, el peri\u00f3dico Di\u00e1logo, perteneciente a la arquidi\u00f3cesis de Concepci\u00f3n, entrevist\u00f3 a nuestra Directora, Catherine Aravena para hablar sobre distintas tem\u00e1ticas relacionadas con el envejecimiento. Destacando las consecuencias de la pandemia por COVID19 y c\u00f3mo esta situaci\u00f3n influy\u00f3 en la vida de las personas mayores.<\/p>\n\n\n\n<p>Visita la nota de la periodista Cecilia D\u00edaz realizada a Catherine Aravena, psic\u00f3loga y mag\u00edster en gerontolog\u00eda en el enlace que est\u00e1 en esta publicaci\u00f3n.<\/p>\n","protected":false},"excerpt":{"rendered":"<p>Fecha 02 enero de 2024, Fuente @ Este a\u00f1o comenzamos dialogando con la comunidad. En enero, el peri\u00f3dico Di\u00e1logo, perteneciente a la arquidi\u00f3cesis de Concepci\u00f3n, entrevist\u00f3 a nuestra Directora, Catherine Aravena para hablar sobre distintas tem\u00e1ticas relacionadas con el envejecimiento. Destacando las consecuencias de la pandemia por COVID19 y c\u00f3mo esta situaci\u00f3n influy\u00f3 en la [&hellip;]<\/p>\n","protected":false},"author":1,"featured_media":251,"comment_status":"open","ping_status":"open","sticky":false,"template":"","format":"standard","meta":{"_et_pb_use_builder":"off","_et_pb_old_content":"","_et_gb_content_width":"","inline_featured_image":false,"footnotes":""},"categories":[6],"tags":[],"class_list":["post-250","post","type-post","status-publish","format-standard","has-post-thumbnail","hentry","category-noticias"],"_links":{"self":[{"href":"https:\/\/vejezactiva.cl\/index.php\/wp-json\/wp\/v2\/posts\/250","targetHints":{"allow":["GET"]}}],"collection":[{"href":"https:\/\/vejezactiva.cl\/index.php\/wp-json\/wp\/v2\/posts"}],"about":[{"href":"https:\/\/vejezactiva.cl\/index.php\/wp-json\/wp\/v2\/types\/post"}],"author":[{"embeddable":true,"href":"https:\/\/vejezactiva.cl\/index.php\/wp-json\/wp\/v2\/users\/1"}],"replies":[{"embeddable":true,"href":"https:\/\/vejezactiva.cl\/index.php\/wp-json\/wp\/v2\/comments?post=250"}],"version-history":[{"count":1,"href":"https:\/\/vejezactiva.cl\/index.php\/wp-json\/wp\/v2\/posts\/250\/revisions"}],"predecessor-version":[{"id":252,"href":"https:\/\/vejezactiva.cl\/index.php\/wp-json\/wp\/v2\/posts\/250\/revisions\/252"}],"wp:featuredmedia":[{"embeddable":true,"href":"https:\/\/vejezactiva.cl\/index.php\/wp-json\/wp\/v2\/media\/251"}],"wp:attachment":[{"href":"https:\/\/vejezactiva.cl\/index.php\/wp-json\/wp\/v2\/media?parent=250"}],"wp:term":[{"taxonomy":"category","embeddable":true,"href":"https:\/\/vejezactiva.cl\/index.php\/wp-json\/wp\/v2\/categories?post=250"},{"taxonomy":"post_tag","embeddable":true,"href":"https:\/\/vejezactiva.cl\/index.php\/wp-json\/wp\/v2\/tags?post=250"}],"curies":[{"name":"wp","href":"https:\/\/api.w.org\/{rel}","templated":true}]}}