{"id":240,"date":"2025-03-18T19:38:10","date_gmt":"2025-03-18T18:38:10","guid":{"rendered":"https:\/\/vejezactiva.cl\/?p=240"},"modified":"2025-03-18T19:38:10","modified_gmt":"2025-03-18T18:38:10","slug":"fundacion-vejez-activa-chile-estuvo-presente-conversando-con-las-personas-mayores-de-la-comuna-de-san-jose-de-maipo","status":"publish","type":"post","link":"https:\/\/vejezactiva.cl\/index.php\/2025\/03\/18\/fundacion-vejez-activa-chile-estuvo-presente-conversando-con-las-personas-mayores-de-la-comuna-de-san-jose-de-maipo\/","title":{"rendered":"Fundaci\u00f3n Vejez Activa Chile estuvo presente conversando con las Personas mayores de la Comuna de San Jos\u00e9 de Maipo"},"content":{"rendered":"\n<p>Fecha 02 de octubre de 2023, Fuente @ Instagram<\/p>\n\n\n\n<p>Junto a la coordinaci\u00f3n de la Municipalidad de San Jos\u00e9 de Maipo , postas rurales y Fundaci\u00f3n vejez activa Chile ,agradecemos la participaci\u00f3n de las personas mayores de la comuna de San Jos\u00e9 De Maipo y alrededores, quienes participaron del conversatorio&nbsp; titulado \u201cCompartamos nuestras experiencias\u201d&nbsp; a cargo de nuestra directora Catherine Aravena.<\/p>\n\n\n\n<p>Este mi\u00e9rcoles 02 de octubre desde las 11:00 \u00a1nos vemos!<\/p>\n\n\n\n<p>En el mes de las personas mayores , desde la fundaci\u00f3n trabajamos por la GERONTOLOG\u00cdA PARA LA COMUNIDAD. Esperamos que estas instancias Intergeneracionales se repitan, as\u00ed como la participaci\u00f3n social y activa de las personas.<\/p>\n\n\n\n<figure class=\"wp-block-image size-large\"><img loading=\"lazy\" decoding=\"async\" width=\"725\" height=\"1024\" src=\"http:\/\/vejezactiva.cl\/wp-content\/uploads\/2025\/03\/Captura-de-pantalla-2025-03-18-a-las-15.37.14-725x1024.png\" alt=\"\" class=\"wp-image-241\"\/><\/figure>\n","protected":false},"excerpt":{"rendered":"<p>Fecha 02 de octubre de 2023, Fuente @ Instagram Junto a la coordinaci\u00f3n de la Municipalidad de San Jos\u00e9 de Maipo , postas rurales y Fundaci\u00f3n vejez activa Chile ,agradecemos la participaci\u00f3n de las personas mayores de la comuna de San Jos\u00e9 De Maipo y alrededores, quienes participaron del conversatorio&nbsp; titulado \u201cCompartamos nuestras experiencias\u201d&nbsp; a [&hellip;]<\/p>\n","protected":false},"author":1,"featured_media":242,"comment_status":"open","ping_status":"open","sticky":false,"template":"","format":"standard","meta":{"_et_pb_use_builder":"off","_et_pb_old_content":"","_et_gb_content_width":"","inline_featured_image":false,"footnotes":""},"categories":[6],"tags":[],"class_list":["post-240","post","type-post","status-publish","format-standard","has-post-thumbnail","hentry","category-noticias"],"_links":{"self":[{"href":"https:\/\/vejezactiva.cl\/index.php\/wp-json\/wp\/v2\/posts\/240","targetHints":{"allow":["GET"]}}],"collection":[{"href":"https:\/\/vejezactiva.cl\/index.php\/wp-json\/wp\/v2\/posts"}],"about":[{"href":"https:\/\/vejezactiva.cl\/index.php\/wp-json\/wp\/v2\/types\/post"}],"author":[{"embeddable":true,"href":"https:\/\/vejezactiva.cl\/index.php\/wp-json\/wp\/v2\/users\/1"}],"replies":[{"embeddable":true,"href":"https:\/\/vejezactiva.cl\/index.php\/wp-json\/wp\/v2\/comments?post=240"}],"version-history":[{"count":1,"href":"https:\/\/vejezactiva.cl\/index.php\/wp-json\/wp\/v2\/posts\/240\/revisions"}],"predecessor-version":[{"id":243,"href":"https:\/\/vejezactiva.cl\/index.php\/wp-json\/wp\/v2\/posts\/240\/revisions\/243"}],"wp:featuredmedia":[{"embeddable":true,"href":"https:\/\/vejezactiva.cl\/index.php\/wp-json\/wp\/v2\/media\/242"}],"wp:attachment":[{"href":"https:\/\/vejezactiva.cl\/index.php\/wp-json\/wp\/v2\/media?parent=240"}],"wp:term":[{"taxonomy":"category","embeddable":true,"href":"https:\/\/vejezactiva.cl\/index.php\/wp-json\/wp\/v2\/categories?post=240"},{"taxonomy":"post_tag","embeddable":true,"href":"https:\/\/vejezactiva.cl\/index.php\/wp-json\/wp\/v2\/tags?post=240"}],"curies":[{"name":"wp","href":"https:\/\/api.w.org\/{rel}","templated":true}]}}