{"id":237,"date":"2025-03-18T19:36:44","date_gmt":"2025-03-18T18:36:44","guid":{"rendered":"https:\/\/vejezactiva.cl\/?p=237"},"modified":"2025-03-18T19:36:45","modified_gmt":"2025-03-18T18:36:45","slug":"nueva-entrevista-sobre-demencia-vejez-y-doble-estigmatizacion","status":"publish","type":"post","link":"https:\/\/vejezactiva.cl\/index.php\/2025\/03\/18\/nueva-entrevista-sobre-demencia-vejez-y-doble-estigmatizacion\/","title":{"rendered":"Nueva entrevista sobre demencia, vejez y doble estigmatizaci\u00f3n"},"content":{"rendered":"\n<p>Fecha 22 de septiembre de 2023, Fuente @<\/p>\n\n\n\n<figure class=\"wp-block-embed\"><div class=\"wp-block-embed__wrapper\">\nhttps:\/\/www.latercera.com\/paula\/vejez-y-demencia-la-doble-estigmatizacion-de-las-personas-mayores\/#\n<\/div><\/figure>\n\n\n\n<p>El 21 de septiembre se conmemora el d\u00eda mundial del alzheimer como forma de visibilizar las implicancias de dicha enfermedad, tanto para quien la padece como para su familia, entorno, la sociedad y el Estado en su rol de cuidado y garante de derechos.<\/p>\n\n\n\n<p>Hace unos meses, parte de nuestro directorio, las psicogeront\u00f3logas Catherine Aravena Valero y Paula P\u00e9rez Arias, fueron entrevistadas por Consuelo Lomas para Revista Paula Chile.<\/p>\n\n\n\n<p>En esta posibilidad hablamos sobre el doble estigma que tiene ser una persona mayor con demencia , vinculando los Derechos Humanos, la estigmatizaci\u00f3n , discriminaci\u00f3n y viejismos asociados y tambi\u00e9n, vinculado a la pel\u00edcula El Padre, protagonizada por Anthony Hopkins.<\/p>\n\n\n\n<p>Te invitamos a leernos y dejarnos tus opiniones en nuestro Instagram.<\/p>\n","protected":false},"excerpt":{"rendered":"<p>Fecha 22 de septiembre de 2023, Fuente @ El 21 de septiembre se conmemora el d\u00eda mundial del alzheimer como forma de visibilizar las implicancias de dicha enfermedad, tanto para quien la padece como para su familia, entorno, la sociedad y el Estado en su rol de cuidado y garante de derechos. Hace unos meses, [&hellip;]<\/p>\n","protected":false},"author":1,"featured_media":238,"comment_status":"open","ping_status":"open","sticky":false,"template":"","format":"standard","meta":{"_et_pb_use_builder":"off","_et_pb_old_content":"","_et_gb_content_width":"","inline_featured_image":false,"footnotes":""},"categories":[6],"tags":[],"class_list":["post-237","post","type-post","status-publish","format-standard","has-post-thumbnail","hentry","category-noticias"],"_links":{"self":[{"href":"https:\/\/vejezactiva.cl\/index.php\/wp-json\/wp\/v2\/posts\/237","targetHints":{"allow":["GET"]}}],"collection":[{"href":"https:\/\/vejezactiva.cl\/index.php\/wp-json\/wp\/v2\/posts"}],"about":[{"href":"https:\/\/vejezactiva.cl\/index.php\/wp-json\/wp\/v2\/types\/post"}],"author":[{"embeddable":true,"href":"https:\/\/vejezactiva.cl\/index.php\/wp-json\/wp\/v2\/users\/1"}],"replies":[{"embeddable":true,"href":"https:\/\/vejezactiva.cl\/index.php\/wp-json\/wp\/v2\/comments?post=237"}],"version-history":[{"count":1,"href":"https:\/\/vejezactiva.cl\/index.php\/wp-json\/wp\/v2\/posts\/237\/revisions"}],"predecessor-version":[{"id":239,"href":"https:\/\/vejezactiva.cl\/index.php\/wp-json\/wp\/v2\/posts\/237\/revisions\/239"}],"wp:featuredmedia":[{"embeddable":true,"href":"https:\/\/vejezactiva.cl\/index.php\/wp-json\/wp\/v2\/media\/238"}],"wp:attachment":[{"href":"https:\/\/vejezactiva.cl\/index.php\/wp-json\/wp\/v2\/media?parent=237"}],"wp:term":[{"taxonomy":"category","embeddable":true,"href":"https:\/\/vejezactiva.cl\/index.php\/wp-json\/wp\/v2\/categories?post=237"},{"taxonomy":"post_tag","embeddable":true,"href":"https:\/\/vejezactiva.cl\/index.php\/wp-json\/wp\/v2\/tags?post=237"}],"curies":[{"name":"wp","href":"https:\/\/api.w.org\/{rel}","templated":true}]}}