{"id":234,"date":"2025-03-18T19:35:58","date_gmt":"2025-03-18T18:35:58","guid":{"rendered":"https:\/\/vejezactiva.cl\/?p=234"},"modified":"2025-03-18T19:36:54","modified_gmt":"2025-03-18T18:36:54","slug":"existe-una-nueva-longevidad-nuestra-fundacion-fue-parte-de-ese-dialogo","status":"publish","type":"post","link":"https:\/\/vejezactiva.cl\/index.php\/2025\/03\/18\/existe-una-nueva-longevidad-nuestra-fundacion-fue-parte-de-ese-dialogo\/","title":{"rendered":"\u00bfExiste una Nueva Longevidad? Nuestra fundaci\u00f3n fue parte de ese di\u00e1logo."},"content":{"rendered":"\n<p>Fecha 13 de septiembre de 2023, Fuente @ Instagram<\/p>\n\n\n\n<p>Hoy, nuestra Directora, Catherine Aravena particip\u00f3 de un taller conducido por Enrique Garc\u00eda.<\/p>\n\n\n\n<p>En este encuentro se busc\u00f3 identificar c\u00f3mo cargar de sentido al concepto de Nueva Longevidad desde la experiencia, vivencia, sue\u00f1os e ideales de un grupo de expert@s, acad\u00e9mic@s, profesionales y envejecientes que son parte de organizaciones de la sociedad civil que trabajan en tem\u00e1ticas de envejecimiento y vejez.<\/p>\n\n\n\n<p>Pronto podremos compartir los hallazgos de este encuentro.<\/p>\n","protected":false},"excerpt":{"rendered":"<p>Fecha 13 de septiembre de 2023, Fuente @ Instagram Hoy, nuestra Directora, Catherine Aravena particip\u00f3 de un taller conducido por Enrique Garc\u00eda. En este encuentro se busc\u00f3 identificar c\u00f3mo cargar de sentido al concepto de Nueva Longevidad desde la experiencia, vivencia, sue\u00f1os e ideales de un grupo de expert@s, acad\u00e9mic@s, profesionales y envejecientes que son [&hellip;]<\/p>\n","protected":false},"author":1,"featured_media":235,"comment_status":"closed","ping_status":"closed","sticky":false,"template":"","format":"standard","meta":{"_et_pb_use_builder":"off","_et_pb_old_content":"","_et_gb_content_width":"","inline_featured_image":false,"footnotes":""},"categories":[6],"tags":[],"class_list":["post-234","post","type-post","status-publish","format-standard","has-post-thumbnail","hentry","category-noticias"],"_links":{"self":[{"href":"https:\/\/vejezactiva.cl\/index.php\/wp-json\/wp\/v2\/posts\/234","targetHints":{"allow":["GET"]}}],"collection":[{"href":"https:\/\/vejezactiva.cl\/index.php\/wp-json\/wp\/v2\/posts"}],"about":[{"href":"https:\/\/vejezactiva.cl\/index.php\/wp-json\/wp\/v2\/types\/post"}],"author":[{"embeddable":true,"href":"https:\/\/vejezactiva.cl\/index.php\/wp-json\/wp\/v2\/users\/1"}],"replies":[{"embeddable":true,"href":"https:\/\/vejezactiva.cl\/index.php\/wp-json\/wp\/v2\/comments?post=234"}],"version-history":[{"count":1,"href":"https:\/\/vejezactiva.cl\/index.php\/wp-json\/wp\/v2\/posts\/234\/revisions"}],"predecessor-version":[{"id":236,"href":"https:\/\/vejezactiva.cl\/index.php\/wp-json\/wp\/v2\/posts\/234\/revisions\/236"}],"wp:featuredmedia":[{"embeddable":true,"href":"https:\/\/vejezactiva.cl\/index.php\/wp-json\/wp\/v2\/media\/235"}],"wp:attachment":[{"href":"https:\/\/vejezactiva.cl\/index.php\/wp-json\/wp\/v2\/media?parent=234"}],"wp:term":[{"taxonomy":"category","embeddable":true,"href":"https:\/\/vejezactiva.cl\/index.php\/wp-json\/wp\/v2\/categories?post=234"},{"taxonomy":"post_tag","embeddable":true,"href":"https:\/\/vejezactiva.cl\/index.php\/wp-json\/wp\/v2\/tags?post=234"}],"curies":[{"name":"wp","href":"https:\/\/api.w.org\/{rel}","templated":true}]}}