{"id":232,"date":"2025-03-18T19:35:17","date_gmt":"2025-03-18T18:35:17","guid":{"rendered":"https:\/\/vejezactiva.cl\/?p=232"},"modified":"2025-03-18T19:35:18","modified_gmt":"2025-03-18T18:35:18","slug":"la-fundacion-vejez-activa-fue-parte-de-sabia-mayores-y-su-charla-esta-disponible-en-youtube","status":"publish","type":"post","link":"https:\/\/vejezactiva.cl\/index.php\/2025\/03\/18\/la-fundacion-vejez-activa-fue-parte-de-sabia-mayores-y-su-charla-esta-disponible-en-youtube\/","title":{"rendered":"La Fundaci\u00f3n Vejez Activa fue parte de Sabia Mayores y su charla est\u00e1 disponible en Youtube."},"content":{"rendered":"\n<p>Fecha 29 de agosto de 2023, Fuente @<\/p>\n\n\n\n<figure class=\"wp-block-embed is-type-video is-provider-youtube wp-block-embed-youtube wp-embed-aspect-16-9 wp-has-aspect-ratio\"><div class=\"wp-block-embed__wrapper\">\n<iframe loading=\"lazy\" title=\"&quot;\u00bfEs posible ser feliz en la vejez? Abordaje desde una perspectiva gerontol\u00f3gica&quot; Vejez Activa\" width=\"1080\" height=\"608\" src=\"https:\/\/www.youtube.com\/embed\/SpPu4bASYV8?feature=oembed\"  allow=\"accelerometer; autoplay; clipboard-write; encrypted-media; gyroscope; picture-in-picture; web-share\" referrerpolicy=\"strict-origin-when-cross-origin\" allowfullscreen><\/iframe>\n<\/div><\/figure>\n\n\n\n<p>En el a\u00f1o 2021 Vejez Activa Chile (antes de ser fundaci\u00f3n) fue parte de la cumbre Sab\u00eda Mayores.<\/p>\n\n\n\n<p>Fue un espacio muy especial ya que todo el equipo se reun\u00eda a dialogar en torno a la pregunta \u00bfes posible ser feliz en la vejez?&nbsp; desde un abordaje gerontol\u00f3gico.<\/p>\n\n\n\n<p>Si quieres ver el video completo, ingresa al link que compartimos.<\/p>\n\n\n\n<p>Un agradecimiento especial a las organizadoras de Sabia Mayores por esta gran invitaci\u00f3n a ser parte de este maravilloso encuentro.<\/p>\n","protected":false},"excerpt":{"rendered":"<p>Fecha 29 de agosto de 2023, Fuente @ En el a\u00f1o 2021 Vejez Activa Chile (antes de ser fundaci\u00f3n) fue parte de la cumbre Sab\u00eda Mayores. Fue un espacio muy especial ya que todo el equipo se reun\u00eda a dialogar en torno a la pregunta \u00bfes posible ser feliz en la vejez?&nbsp; desde un abordaje [&hellip;]<\/p>\n","protected":false},"author":1,"featured_media":163,"comment_status":"open","ping_status":"open","sticky":false,"template":"","format":"standard","meta":{"_et_pb_use_builder":"off","_et_pb_old_content":"","_et_gb_content_width":"","inline_featured_image":false,"footnotes":""},"categories":[6],"tags":[],"class_list":["post-232","post","type-post","status-publish","format-standard","has-post-thumbnail","hentry","category-noticias"],"_links":{"self":[{"href":"https:\/\/vejezactiva.cl\/index.php\/wp-json\/wp\/v2\/posts\/232","targetHints":{"allow":["GET"]}}],"collection":[{"href":"https:\/\/vejezactiva.cl\/index.php\/wp-json\/wp\/v2\/posts"}],"about":[{"href":"https:\/\/vejezactiva.cl\/index.php\/wp-json\/wp\/v2\/types\/post"}],"author":[{"embeddable":true,"href":"https:\/\/vejezactiva.cl\/index.php\/wp-json\/wp\/v2\/users\/1"}],"replies":[{"embeddable":true,"href":"https:\/\/vejezactiva.cl\/index.php\/wp-json\/wp\/v2\/comments?post=232"}],"version-history":[{"count":1,"href":"https:\/\/vejezactiva.cl\/index.php\/wp-json\/wp\/v2\/posts\/232\/revisions"}],"predecessor-version":[{"id":233,"href":"https:\/\/vejezactiva.cl\/index.php\/wp-json\/wp\/v2\/posts\/232\/revisions\/233"}],"wp:featuredmedia":[{"embeddable":true,"href":"https:\/\/vejezactiva.cl\/index.php\/wp-json\/wp\/v2\/media\/163"}],"wp:attachment":[{"href":"https:\/\/vejezactiva.cl\/index.php\/wp-json\/wp\/v2\/media?parent=232"}],"wp:term":[{"taxonomy":"category","embeddable":true,"href":"https:\/\/vejezactiva.cl\/index.php\/wp-json\/wp\/v2\/categories?post=232"},{"taxonomy":"post_tag","embeddable":true,"href":"https:\/\/vejezactiva.cl\/index.php\/wp-json\/wp\/v2\/tags?post=232"}],"curies":[{"name":"wp","href":"https:\/\/api.w.org\/{rel}","templated":true}]}}