{"id":226,"date":"2025-03-18T19:33:39","date_gmt":"2025-03-18T18:33:39","guid":{"rendered":"https:\/\/vejezactiva.cl\/?p=226"},"modified":"2025-03-18T19:33:40","modified_gmt":"2025-03-18T18:33:40","slug":"entrevista-de-fundacion-vejez-activa-chile-para-revista-paula","status":"publish","type":"post","link":"https:\/\/vejezactiva.cl\/index.php\/2025\/03\/18\/entrevista-de-fundacion-vejez-activa-chile-para-revista-paula\/","title":{"rendered":"Entrevista de fundaci\u00f3n Vejez Activa Chile para revista Paula"},"content":{"rendered":"\n<p>Fecha 26 de abril de 2023, Fuente @ <a href=\"https:\/\/www.latercera.com\/paula\/ser-y-parecer-vieja-un-acto-de-rebeldia\/\">https:\/\/www.latercera.com\/paula\/ser-y-parecer-vieja-un-acto-de-rebeldia\/#<\/a><\/p>\n\n\n\n<p>Hoy les compartimos algunas im\u00e1genes de lo que fue nuestra entrevista \u201cSer y parecer vieja, \u00bfUn acto de rebeld\u00eda?\u201d en Revista Paula Chile.<\/p>\n\n\n\n<p>Javiera P\u00e9rez Duvauchelle, qui\u00e9n es parte de equipo Fundaci\u00f3n Vejez Activa Chile y fue entrevistada en esta oportunidad, nos cuenta que:<\/p>\n\n\n\n<p>\u201cEl espacio otorgado en revista Paula nos permite reflexionar sobre los desaf\u00edos actuales en lo que significa ser mujer y mayor, configur\u00e1ndose hoy como un acto de rebeld\u00eda cuando envejecer es *propio* de los seres vivos\u201d<\/p>\n\n\n\n<p>Agradecemos profundamente a #revista Paula Chile por permitirnos incidir a trav\u00e9s de nuestra experiencia.<\/p>\n\n\n\n<p>Les invitamos a revisar y reflexionar respecto a este importante tema.<\/p>\n","protected":false},"excerpt":{"rendered":"<p>Fecha 26 de abril de 2023, Fuente @ https:\/\/www.latercera.com\/paula\/ser-y-parecer-vieja-un-acto-de-rebeldia\/# Hoy les compartimos algunas im\u00e1genes de lo que fue nuestra entrevista \u201cSer y parecer vieja, \u00bfUn acto de rebeld\u00eda?\u201d en Revista Paula Chile. Javiera P\u00e9rez Duvauchelle, qui\u00e9n es parte de equipo Fundaci\u00f3n Vejez Activa Chile y fue entrevistada en esta oportunidad, nos cuenta que: \u201cEl espacio [&hellip;]<\/p>\n","protected":false},"author":1,"featured_media":227,"comment_status":"open","ping_status":"open","sticky":false,"template":"","format":"standard","meta":{"_et_pb_use_builder":"off","_et_pb_old_content":"","_et_gb_content_width":"","inline_featured_image":false,"footnotes":""},"categories":[6],"tags":[],"class_list":["post-226","post","type-post","status-publish","format-standard","has-post-thumbnail","hentry","category-noticias"],"_links":{"self":[{"href":"https:\/\/vejezactiva.cl\/index.php\/wp-json\/wp\/v2\/posts\/226","targetHints":{"allow":["GET"]}}],"collection":[{"href":"https:\/\/vejezactiva.cl\/index.php\/wp-json\/wp\/v2\/posts"}],"about":[{"href":"https:\/\/vejezactiva.cl\/index.php\/wp-json\/wp\/v2\/types\/post"}],"author":[{"embeddable":true,"href":"https:\/\/vejezactiva.cl\/index.php\/wp-json\/wp\/v2\/users\/1"}],"replies":[{"embeddable":true,"href":"https:\/\/vejezactiva.cl\/index.php\/wp-json\/wp\/v2\/comments?post=226"}],"version-history":[{"count":1,"href":"https:\/\/vejezactiva.cl\/index.php\/wp-json\/wp\/v2\/posts\/226\/revisions"}],"predecessor-version":[{"id":228,"href":"https:\/\/vejezactiva.cl\/index.php\/wp-json\/wp\/v2\/posts\/226\/revisions\/228"}],"wp:featuredmedia":[{"embeddable":true,"href":"https:\/\/vejezactiva.cl\/index.php\/wp-json\/wp\/v2\/media\/227"}],"wp:attachment":[{"href":"https:\/\/vejezactiva.cl\/index.php\/wp-json\/wp\/v2\/media?parent=226"}],"wp:term":[{"taxonomy":"category","embeddable":true,"href":"https:\/\/vejezactiva.cl\/index.php\/wp-json\/wp\/v2\/categories?post=226"},{"taxonomy":"post_tag","embeddable":true,"href":"https:\/\/vejezactiva.cl\/index.php\/wp-json\/wp\/v2\/tags?post=226"}],"curies":[{"name":"wp","href":"https:\/\/api.w.org\/{rel}","templated":true}]}}