{"id":220,"date":"2025-03-18T16:11:05","date_gmt":"2025-03-18T15:11:05","guid":{"rendered":"https:\/\/vejezactiva.cl\/?p=220"},"modified":"2025-03-18T16:11:06","modified_gmt":"2025-03-18T15:11:06","slug":"fundacion-vejez-activa-presente-en-la-charla-telemedicina-y-salud-mental-democratizar-el-acceso-organizada-por-openseniors-2","status":"publish","type":"post","link":"https:\/\/vejezactiva.cl\/index.php\/2025\/03\/18\/fundacion-vejez-activa-presente-en-la-charla-telemedicina-y-salud-mental-democratizar-el-acceso-organizada-por-openseniors-2\/","title":{"rendered":"Fundaci\u00f3n Vejez Activa presente en la charla \u00abTelemedicina y Salud Mental: democratizar el acceso\u00bb organizada por OpenSeniors"},"content":{"rendered":"\n<p>Fecha 23 de marzo de 2023, Fuente @linkedin openbeauchef<\/p>\n\n\n\n<p>En representaci\u00f3n de nuestra Fundaci\u00f3n, Catherine Aravena Valero expuso sobre la importancia de los avances tecnol\u00f3gicos relacionados al \u00e1rea de la salud y c\u00f3mo se relaciona directamente con la salud mental, principalmente para las personas mayores. Junto a ella, en esta charla abierta y en modalidad virtual, tambi\u00e9n particip\u00f3 Sara Nazal de&nbsp; <a href=\"https:\/\/www.linkedin.com\/company\/salutadigital\/\">Saluta \u2013 Centro de Salud Digital <\/a>.<\/p>\n\n\n\n<p>La actividad virtual cont\u00f3 con una gran convocatoria y con presencia intergeneracional. Agradecemos la invitaci\u00f3n de OpenSeniors e invitamos a seguir inform\u00e1ndose los pr\u00f3ximos acontecimientos que llevar\u00e1 a cabo el proyecto de OpenBeauchef en relaci\u00f3n a la econom\u00eda plateada.<\/p>\n","protected":false},"excerpt":{"rendered":"<p>Fecha 23 de marzo de 2023, Fuente @linkedin openbeauchef En representaci\u00f3n de nuestra Fundaci\u00f3n, Catherine Aravena Valero expuso sobre la importancia de los avances tecnol\u00f3gicos relacionados al \u00e1rea de la salud y c\u00f3mo se relaciona directamente con la salud mental, principalmente para las personas mayores. Junto a ella, en esta charla abierta y en modalidad [&hellip;]<\/p>\n","protected":false},"author":1,"featured_media":221,"comment_status":"open","ping_status":"open","sticky":false,"template":"","format":"standard","meta":{"_et_pb_use_builder":"off","_et_pb_old_content":"","_et_gb_content_width":"","inline_featured_image":false,"footnotes":""},"categories":[6],"tags":[],"class_list":["post-220","post","type-post","status-publish","format-standard","has-post-thumbnail","hentry","category-noticias"],"_links":{"self":[{"href":"https:\/\/vejezactiva.cl\/index.php\/wp-json\/wp\/v2\/posts\/220","targetHints":{"allow":["GET"]}}],"collection":[{"href":"https:\/\/vejezactiva.cl\/index.php\/wp-json\/wp\/v2\/posts"}],"about":[{"href":"https:\/\/vejezactiva.cl\/index.php\/wp-json\/wp\/v2\/types\/post"}],"author":[{"embeddable":true,"href":"https:\/\/vejezactiva.cl\/index.php\/wp-json\/wp\/v2\/users\/1"}],"replies":[{"embeddable":true,"href":"https:\/\/vejezactiva.cl\/index.php\/wp-json\/wp\/v2\/comments?post=220"}],"version-history":[{"count":1,"href":"https:\/\/vejezactiva.cl\/index.php\/wp-json\/wp\/v2\/posts\/220\/revisions"}],"predecessor-version":[{"id":222,"href":"https:\/\/vejezactiva.cl\/index.php\/wp-json\/wp\/v2\/posts\/220\/revisions\/222"}],"wp:featuredmedia":[{"embeddable":true,"href":"https:\/\/vejezactiva.cl\/index.php\/wp-json\/wp\/v2\/media\/221"}],"wp:attachment":[{"href":"https:\/\/vejezactiva.cl\/index.php\/wp-json\/wp\/v2\/media?parent=220"}],"wp:term":[{"taxonomy":"category","embeddable":true,"href":"https:\/\/vejezactiva.cl\/index.php\/wp-json\/wp\/v2\/categories?post=220"},{"taxonomy":"post_tag","embeddable":true,"href":"https:\/\/vejezactiva.cl\/index.php\/wp-json\/wp\/v2\/tags?post=220"}],"curies":[{"name":"wp","href":"https:\/\/api.w.org\/{rel}","templated":true}]}}