{"id":217,"date":"2025-03-18T16:10:05","date_gmt":"2025-03-18T15:10:05","guid":{"rendered":"https:\/\/vejezactiva.cl\/?p=217"},"modified":"2025-03-18T16:10:06","modified_gmt":"2025-03-18T15:10:06","slug":"8m-fundacion-vejez-activa-conmemoracion-en-las-calles-de-valdivia-2","status":"publish","type":"post","link":"https:\/\/vejezactiva.cl\/index.php\/2025\/03\/18\/8m-fundacion-vejez-activa-conmemoracion-en-las-calles-de-valdivia-2\/","title":{"rendered":"8M Fundaci\u00f3n Vejez Activa: conmemoraci\u00f3n en las Calles de Valdivia"},"content":{"rendered":"\n<p>Fecha 08 de marzo de 2023, Fuente @ Instagram<\/p>\n\n\n\n<p>Como cada 8 de marzo, nuestra fundaci\u00f3n conmemor\u00f3 a las mujeres que silenciosamente han forjado la historia de nuestro pa\u00eds. Aquellas que an\u00f3nimamente d\u00eda a d\u00eda trabajan para que la equidad se haga realidad.&nbsp;<\/p>\n\n\n\n<p><br>En este contexto, nuestra Directora de la regi\u00f3n de Los R\u00edos, Javiera P\u00e9rez Duvauchelle,&nbsp; particip\u00f3 de la marcha intergeneracional convocada por el d\u00eda internacional de la mujer. Nuestro lema escogido fue <em>\u201cPara recordar y conmemorar.<\/em><em>Juntas seguimos haciendo historia\u201d <\/em>buscamos visibilizar la importancia de la participaci\u00f3n social, la memoria colectiva y la intergeneracionalidad frente a procesos vitales como el envejecimiento, m\u00e1s a\u00fan cuando la mayor\u00eda de la poblaci\u00f3n mayor de Chile son mujeres. Les invitamos a revisar el registro fotogr\u00e1fico de esta jornada y a reflexionar sobre la feminizaci\u00f3n de las vejeces Chilenas.<\/p>\n","protected":false},"excerpt":{"rendered":"<p>Fecha 08 de marzo de 2023, Fuente @ Instagram Como cada 8 de marzo, nuestra fundaci\u00f3n conmemor\u00f3 a las mujeres que silenciosamente han forjado la historia de nuestro pa\u00eds. Aquellas que an\u00f3nimamente d\u00eda a d\u00eda trabajan para que la equidad se haga realidad.&nbsp; En este contexto, nuestra Directora de la regi\u00f3n de Los R\u00edos, Javiera [&hellip;]<\/p>\n","protected":false},"author":1,"featured_media":218,"comment_status":"open","ping_status":"open","sticky":false,"template":"","format":"standard","meta":{"_et_pb_use_builder":"off","_et_pb_old_content":"","_et_gb_content_width":"","inline_featured_image":false,"footnotes":""},"categories":[6],"tags":[],"class_list":["post-217","post","type-post","status-publish","format-standard","has-post-thumbnail","hentry","category-noticias"],"_links":{"self":[{"href":"https:\/\/vejezactiva.cl\/index.php\/wp-json\/wp\/v2\/posts\/217","targetHints":{"allow":["GET"]}}],"collection":[{"href":"https:\/\/vejezactiva.cl\/index.php\/wp-json\/wp\/v2\/posts"}],"about":[{"href":"https:\/\/vejezactiva.cl\/index.php\/wp-json\/wp\/v2\/types\/post"}],"author":[{"embeddable":true,"href":"https:\/\/vejezactiva.cl\/index.php\/wp-json\/wp\/v2\/users\/1"}],"replies":[{"embeddable":true,"href":"https:\/\/vejezactiva.cl\/index.php\/wp-json\/wp\/v2\/comments?post=217"}],"version-history":[{"count":1,"href":"https:\/\/vejezactiva.cl\/index.php\/wp-json\/wp\/v2\/posts\/217\/revisions"}],"predecessor-version":[{"id":219,"href":"https:\/\/vejezactiva.cl\/index.php\/wp-json\/wp\/v2\/posts\/217\/revisions\/219"}],"wp:featuredmedia":[{"embeddable":true,"href":"https:\/\/vejezactiva.cl\/index.php\/wp-json\/wp\/v2\/media\/218"}],"wp:attachment":[{"href":"https:\/\/vejezactiva.cl\/index.php\/wp-json\/wp\/v2\/media?parent=217"}],"wp:term":[{"taxonomy":"category","embeddable":true,"href":"https:\/\/vejezactiva.cl\/index.php\/wp-json\/wp\/v2\/categories?post=217"},{"taxonomy":"post_tag","embeddable":true,"href":"https:\/\/vejezactiva.cl\/index.php\/wp-json\/wp\/v2\/tags?post=217"}],"curies":[{"name":"wp","href":"https:\/\/api.w.org\/{rel}","templated":true}]}}