{"id":214,"date":"2025-03-18T16:09:19","date_gmt":"2025-03-18T15:09:19","guid":{"rendered":"https:\/\/vejezactiva.cl\/?p=214"},"modified":"2025-03-18T16:10:28","modified_gmt":"2025-03-18T15:10:28","slug":"nueva-columna-de-opinion-cuarta-edad","status":"publish","type":"post","link":"https:\/\/vejezactiva.cl\/index.php\/2025\/03\/18\/nueva-columna-de-opinion-cuarta-edad\/","title":{"rendered":"Nueva columna de opini\u00f3n: Cuarta Edad"},"content":{"rendered":"\n<p>Fecha 15 de febrero de 2023, Fuente:&nbsp; <a href=\"https:\/\/www.latercera.com\/paula\/la-4ta-edad-y-por-que-tenemos-que-estar-preparados\/#\">https:\/\/www.latercera.com\/paula\/la-4ta-edad-y-por-que-tenemos-que-estar-preparados\/#<\/a><\/p>\n\n\n\n<p>\u00bfhablemos sobre los t\u00e9rminos tercera edad y cuarta edad?&nbsp;<\/p>\n\n\n\n<p>Comenzamos el a\u00f1o compartiendo una entrevista realizada por la periodista Consuelo Lomas de Revista Paula (La tercera) a nuestra Directora Catherine Aravena Valero.&nbsp;<\/p>\n\n\n\n<p>El objetivo es conversar sobre la <em>cuarta edad <\/em>y c\u00f3mo podemos prepararnos debido a que, seg\u00fan estudios internacionales, Chile es uno de los pa\u00edses m\u00e1s envejecidos de la regi\u00f3n latinoamericana y con las expectativas de vida m\u00e1s largas entre sus habitantes.&nbsp;<\/p>\n\n\n\n<p>En relaci\u00f3n a la salud mental, nuestra Directora se\u00f1ala que \u201cSe espera que ocurran procesos reflexivos respecto a c\u00f3mo fue el curso vital, reconociendo posibilidades de mejora y dando cabida a cuestionamientos personales\u201d, comenta Catherine Aravena.&nbsp;<\/p>\n\n\n\n<p>Adem\u00e1s, \u201cSobre los 80 a\u00f1os inexorablemente enfrentar\u00e1n la muerte. La pregunta principal ya no es el cu\u00e1ndo, sino que el c\u00f3mo\u2026\u201d<\/p>\n\n\n\n<p>Para leer esta interesante nota, te invitamos a ingresar al siguiente link:<\/p>\n\n\n\n<figure class=\"wp-block-embed\"><div class=\"wp-block-embed__wrapper\">\nhttps:\/\/www.latercera.com\/paula\/la-4ta-edad-y-por-que-tenemos-que-estar-preparados\n<\/div><\/figure>\n","protected":false},"excerpt":{"rendered":"<p>Fecha 15 de febrero de 2023, Fuente:&nbsp; https:\/\/www.latercera.com\/paula\/la-4ta-edad-y-por-que-tenemos-que-estar-preparados\/# \u00bfhablemos sobre los t\u00e9rminos tercera edad y cuarta edad?&nbsp; Comenzamos el a\u00f1o compartiendo una entrevista realizada por la periodista Consuelo Lomas de Revista Paula (La tercera) a nuestra Directora Catherine Aravena Valero.&nbsp; El objetivo es conversar sobre la cuarta edad y c\u00f3mo podemos prepararnos debido a que, [&hellip;]<\/p>\n","protected":false},"author":1,"featured_media":215,"comment_status":"closed","ping_status":"closed","sticky":false,"template":"","format":"standard","meta":{"_et_pb_use_builder":"off","_et_pb_old_content":"","_et_gb_content_width":"","inline_featured_image":false,"footnotes":""},"categories":[6],"tags":[],"class_list":["post-214","post","type-post","status-publish","format-standard","has-post-thumbnail","hentry","category-noticias"],"_links":{"self":[{"href":"https:\/\/vejezactiva.cl\/index.php\/wp-json\/wp\/v2\/posts\/214","targetHints":{"allow":["GET"]}}],"collection":[{"href":"https:\/\/vejezactiva.cl\/index.php\/wp-json\/wp\/v2\/posts"}],"about":[{"href":"https:\/\/vejezactiva.cl\/index.php\/wp-json\/wp\/v2\/types\/post"}],"author":[{"embeddable":true,"href":"https:\/\/vejezactiva.cl\/index.php\/wp-json\/wp\/v2\/users\/1"}],"replies":[{"embeddable":true,"href":"https:\/\/vejezactiva.cl\/index.php\/wp-json\/wp\/v2\/comments?post=214"}],"version-history":[{"count":1,"href":"https:\/\/vejezactiva.cl\/index.php\/wp-json\/wp\/v2\/posts\/214\/revisions"}],"predecessor-version":[{"id":216,"href":"https:\/\/vejezactiva.cl\/index.php\/wp-json\/wp\/v2\/posts\/214\/revisions\/216"}],"wp:featuredmedia":[{"embeddable":true,"href":"https:\/\/vejezactiva.cl\/index.php\/wp-json\/wp\/v2\/media\/215"}],"wp:attachment":[{"href":"https:\/\/vejezactiva.cl\/index.php\/wp-json\/wp\/v2\/media?parent=214"}],"wp:term":[{"taxonomy":"category","embeddable":true,"href":"https:\/\/vejezactiva.cl\/index.php\/wp-json\/wp\/v2\/categories?post=214"},{"taxonomy":"post_tag","embeddable":true,"href":"https:\/\/vejezactiva.cl\/index.php\/wp-json\/wp\/v2\/tags?post=214"}],"curies":[{"name":"wp","href":"https:\/\/api.w.org\/{rel}","templated":true}]}}