{"id":208,"date":"2025-03-18T16:07:20","date_gmt":"2025-03-18T15:07:20","guid":{"rendered":"https:\/\/vejezactiva.cl\/?p=208"},"modified":"2025-03-18T16:07:21","modified_gmt":"2025-03-18T15:07:21","slug":"fundacion-vejez-activa-chile-participo-del-cierre-taller-malon-de-los-recuerdos-en-la-poblacion-madeco-de-san-miguel","status":"publish","type":"post","link":"https:\/\/vejezactiva.cl\/index.php\/2025\/03\/18\/fundacion-vejez-activa-chile-participo-del-cierre-taller-malon-de-los-recuerdos-en-la-poblacion-madeco-de-san-miguel\/","title":{"rendered":"Fundaci\u00f3n Vejez Activa Chile particip\u00f3 del cierre Taller Mal\u00f3n de los Recuerdos en la Poblaci\u00f3n Madeco de San Miguel"},"content":{"rendered":"\n<p>Fecha 14 de noviembre de 2022, Fuente: <a href=\"https:\/\/www.instagram.com\/p\/Ck9dNqMpkWy\/?utm_source=ig_web_copy_link\">https:\/\/www.instagram.com\/p\/Ck9dNqMpkWy\/?utm_source=ig_web_copy_link<\/a><\/p>\n\n\n\n<p>Queremos compartirles esta tremenda experiencia de la cual fuimos parte durante el mes de las personas mayores.<\/p>\n\n\n\n<p><a href=\"https:\/\/www.londres38.cl\/\">Londres 38, espacio de memorias<\/a> en coordinaci\u00f3n con la Corporaci\u00f3n Municipal de San Miguel y junto a l@s vecin@s de la poblaci\u00f3n Madeco, se realiz\u00f3 el taller \u201cMal\u00f3n de los recuerdos\u201d.&nbsp; Aqu\u00ed pudimos interactuar, re\u00edr, emocionarnos y compartir la reconstrucci\u00f3n de su barrio.<\/p>\n\n\n\n<p>Como fundaci\u00f3n creemos firmemente que la deconstrucci\u00f3n&nbsp; y la construcci\u00f3n de la vejez y el envejecimiento es para tod@s pero esencialmente debe trabajarse desde y con la comunidad como personas activas en esta din\u00e1mica. Por lo que agradecemos enormemente esta oportunidad y esperamos que se puedan abrir m\u00e1s espacios de di\u00e1logos intergeneracionales en distintos contextos y lugares, donde la voz de la comunidad no s\u00f3lo sea el alma del territorio sino tambi\u00e9n la fuerza de las transformaciones y el apoyo que necesitamos para que Fundaciones como la nuestra sigan trabajando incansablemente.<\/p>\n\n\n\n<p>Felicitaciones Londres38 , Corporaci\u00f3n San Miguel y poblaci\u00f3n Madeco.<\/p>\n","protected":false},"excerpt":{"rendered":"<p>Fecha 14 de noviembre de 2022, Fuente: https:\/\/www.instagram.com\/p\/Ck9dNqMpkWy\/?utm_source=ig_web_copy_link Queremos compartirles esta tremenda experiencia de la cual fuimos parte durante el mes de las personas mayores. Londres 38, espacio de memorias en coordinaci\u00f3n con la Corporaci\u00f3n Municipal de San Miguel y junto a l@s vecin@s de la poblaci\u00f3n Madeco, se realiz\u00f3 el taller \u201cMal\u00f3n de los [&hellip;]<\/p>\n","protected":false},"author":1,"featured_media":163,"comment_status":"open","ping_status":"open","sticky":false,"template":"","format":"standard","meta":{"_et_pb_use_builder":"off","_et_pb_old_content":"","_et_gb_content_width":"","inline_featured_image":false,"footnotes":""},"categories":[6],"tags":[],"class_list":["post-208","post","type-post","status-publish","format-standard","has-post-thumbnail","hentry","category-noticias"],"_links":{"self":[{"href":"https:\/\/vejezactiva.cl\/index.php\/wp-json\/wp\/v2\/posts\/208","targetHints":{"allow":["GET"]}}],"collection":[{"href":"https:\/\/vejezactiva.cl\/index.php\/wp-json\/wp\/v2\/posts"}],"about":[{"href":"https:\/\/vejezactiva.cl\/index.php\/wp-json\/wp\/v2\/types\/post"}],"author":[{"embeddable":true,"href":"https:\/\/vejezactiva.cl\/index.php\/wp-json\/wp\/v2\/users\/1"}],"replies":[{"embeddable":true,"href":"https:\/\/vejezactiva.cl\/index.php\/wp-json\/wp\/v2\/comments?post=208"}],"version-history":[{"count":1,"href":"https:\/\/vejezactiva.cl\/index.php\/wp-json\/wp\/v2\/posts\/208\/revisions"}],"predecessor-version":[{"id":209,"href":"https:\/\/vejezactiva.cl\/index.php\/wp-json\/wp\/v2\/posts\/208\/revisions\/209"}],"wp:featuredmedia":[{"embeddable":true,"href":"https:\/\/vejezactiva.cl\/index.php\/wp-json\/wp\/v2\/media\/163"}],"wp:attachment":[{"href":"https:\/\/vejezactiva.cl\/index.php\/wp-json\/wp\/v2\/media?parent=208"}],"wp:term":[{"taxonomy":"category","embeddable":true,"href":"https:\/\/vejezactiva.cl\/index.php\/wp-json\/wp\/v2\/categories?post=208"},{"taxonomy":"post_tag","embeddable":true,"href":"https:\/\/vejezactiva.cl\/index.php\/wp-json\/wp\/v2\/tags?post=208"}],"curies":[{"name":"wp","href":"https:\/\/api.w.org\/{rel}","templated":true}]}}