{"id":199,"date":"2025-03-18T16:04:34","date_gmt":"2025-03-18T15:04:34","guid":{"rendered":"https:\/\/vejezactiva.cl\/?p=199"},"modified":"2025-03-18T16:04:35","modified_gmt":"2025-03-18T15:04:35","slug":"encuentro-de-fundaciones-por-un-ecosistema-para-y-de-las-personas-mayores","status":"publish","type":"post","link":"https:\/\/vejezactiva.cl\/index.php\/2025\/03\/18\/encuentro-de-fundaciones-por-un-ecosistema-para-y-de-las-personas-mayores\/","title":{"rendered":"Encuentro de fundaciones por un ecosistema para y de las personas mayores"},"content":{"rendered":"\n<p>Fecha 06 de septiembre de 2022, Fuente: Instagram<\/p>\n\n\n\n<p>La semana pasada , fundaci\u00f3n vejez activa Chile fue invitada a participar de este interesante y necesario taller participativo e intergeneracional que ten\u00eda por objetivo articular a l@s principales actores\/ actrices del ecosistema de las personas mayores en Chile para as\u00ed identificar los desaf\u00edos que pueden ser abordados a partir del desarrollo de iniciativas de emprendimientos de base tecnol\u00f3gica e impulsar soluciones que estimulen la econom\u00eda plateada.<\/p>\n\n\n\n<p>Estamos muy agradecidas por esta instancia. Siempre es bueno conocer y reconocer a quienes tienen objetivos similares y generar lazos s\u00f3lidos para favorecer un envejecimiento saludable y acorde a las necesidades de la sociedad. \u00a1Se vienen buenas iniciativas y colaboraciones!&nbsp;<\/p>\n\n\n\n<p>Nuevamente felicitamos a quienes hicieron posible este encuentro: Banco interamericano de desarrollo (bid-lab), Facultad de ciencias f\u00edsicas y matem\u00e1ticas de la Universidad de Chile (Openbeauchef)&nbsp; y a las intervenciones de fundaci\u00f3n M\u00e1s.<\/p>\n","protected":false},"excerpt":{"rendered":"<p>Fecha 06 de septiembre de 2022, Fuente: Instagram La semana pasada , fundaci\u00f3n vejez activa Chile fue invitada a participar de este interesante y necesario taller participativo e intergeneracional que ten\u00eda por objetivo articular a l@s principales actores\/ actrices del ecosistema de las personas mayores en Chile para as\u00ed identificar los desaf\u00edos que pueden ser [&hellip;]<\/p>\n","protected":false},"author":1,"featured_media":200,"comment_status":"open","ping_status":"open","sticky":false,"template":"","format":"standard","meta":{"_et_pb_use_builder":"off","_et_pb_old_content":"","_et_gb_content_width":"","inline_featured_image":false,"footnotes":""},"categories":[6],"tags":[],"class_list":["post-199","post","type-post","status-publish","format-standard","has-post-thumbnail","hentry","category-noticias"],"_links":{"self":[{"href":"https:\/\/vejezactiva.cl\/index.php\/wp-json\/wp\/v2\/posts\/199","targetHints":{"allow":["GET"]}}],"collection":[{"href":"https:\/\/vejezactiva.cl\/index.php\/wp-json\/wp\/v2\/posts"}],"about":[{"href":"https:\/\/vejezactiva.cl\/index.php\/wp-json\/wp\/v2\/types\/post"}],"author":[{"embeddable":true,"href":"https:\/\/vejezactiva.cl\/index.php\/wp-json\/wp\/v2\/users\/1"}],"replies":[{"embeddable":true,"href":"https:\/\/vejezactiva.cl\/index.php\/wp-json\/wp\/v2\/comments?post=199"}],"version-history":[{"count":1,"href":"https:\/\/vejezactiva.cl\/index.php\/wp-json\/wp\/v2\/posts\/199\/revisions"}],"predecessor-version":[{"id":201,"href":"https:\/\/vejezactiva.cl\/index.php\/wp-json\/wp\/v2\/posts\/199\/revisions\/201"}],"wp:featuredmedia":[{"embeddable":true,"href":"https:\/\/vejezactiva.cl\/index.php\/wp-json\/wp\/v2\/media\/200"}],"wp:attachment":[{"href":"https:\/\/vejezactiva.cl\/index.php\/wp-json\/wp\/v2\/media?parent=199"}],"wp:term":[{"taxonomy":"category","embeddable":true,"href":"https:\/\/vejezactiva.cl\/index.php\/wp-json\/wp\/v2\/categories?post=199"},{"taxonomy":"post_tag","embeddable":true,"href":"https:\/\/vejezactiva.cl\/index.php\/wp-json\/wp\/v2\/tags?post=199"}],"curies":[{"name":"wp","href":"https:\/\/api.w.org\/{rel}","templated":true}]}}