{"id":196,"date":"2025-03-18T15:47:15","date_gmt":"2025-03-18T14:47:15","guid":{"rendered":"https:\/\/vejezactiva.cl\/?p=196"},"modified":"2025-03-18T15:47:15","modified_gmt":"2025-03-18T14:47:15","slug":"fundacion-vejez-activa-chile-es-parte-de-ciencia-abierta-con-la-charla-juntas-y-juntos-paramos-el-edadismo","status":"publish","type":"post","link":"https:\/\/vejezactiva.cl\/index.php\/2025\/03\/18\/fundacion-vejez-activa-chile-es-parte-de-ciencia-abierta-con-la-charla-juntas-y-juntos-paramos-el-edadismo\/","title":{"rendered":"Fundaci\u00f3n Vejez Activa Chile es parte de Ciencia Abierta con la charla: Juntas y juntos paramos el Edadismo"},"content":{"rendered":"\n<p>Fecha 31 de agosto de 2022, Fuente: Instagram<\/p>\n\n\n\n<p>En este \u00faltimo d\u00eda de agosto queremos recordar una actividad que realizamos en el mes de la solidaridad pero tambi\u00e9n el de las ni\u00f1eces y las juventudes.<\/p>\n\n\n\n<p>En esta oportunidad, junto a la coordinaci\u00f3n de Explora RM Norte , el trabajo comprometido de la profesora jefe Rosalia y del compromiso de l@s alumn@s logramos dialogar de forma intergeneracional sobre el edadismo.<\/p>\n\n\n\n<p>Fue una gran&nbsp; experiencia y nos sentimos orgullosas y nutridas de la experiencia de l@s j\u00f3venes . Creemos que es muy importante replicar estos espacios y promocionar\/prevenir el envejecimiento saludable en toda la trayectoria de vida.<\/p>\n","protected":false},"excerpt":{"rendered":"<p>Fecha 31 de agosto de 2022, Fuente: Instagram En este \u00faltimo d\u00eda de agosto queremos recordar una actividad que realizamos en el mes de la solidaridad pero tambi\u00e9n el de las ni\u00f1eces y las juventudes. En esta oportunidad, junto a la coordinaci\u00f3n de Explora RM Norte , el trabajo comprometido de la profesora jefe Rosalia [&hellip;]<\/p>\n","protected":false},"author":1,"featured_media":197,"comment_status":"open","ping_status":"open","sticky":false,"template":"","format":"standard","meta":{"_et_pb_use_builder":"off","_et_pb_old_content":"","_et_gb_content_width":"","inline_featured_image":false,"footnotes":""},"categories":[6],"tags":[],"class_list":["post-196","post","type-post","status-publish","format-standard","has-post-thumbnail","hentry","category-noticias"],"_links":{"self":[{"href":"https:\/\/vejezactiva.cl\/index.php\/wp-json\/wp\/v2\/posts\/196","targetHints":{"allow":["GET"]}}],"collection":[{"href":"https:\/\/vejezactiva.cl\/index.php\/wp-json\/wp\/v2\/posts"}],"about":[{"href":"https:\/\/vejezactiva.cl\/index.php\/wp-json\/wp\/v2\/types\/post"}],"author":[{"embeddable":true,"href":"https:\/\/vejezactiva.cl\/index.php\/wp-json\/wp\/v2\/users\/1"}],"replies":[{"embeddable":true,"href":"https:\/\/vejezactiva.cl\/index.php\/wp-json\/wp\/v2\/comments?post=196"}],"version-history":[{"count":1,"href":"https:\/\/vejezactiva.cl\/index.php\/wp-json\/wp\/v2\/posts\/196\/revisions"}],"predecessor-version":[{"id":198,"href":"https:\/\/vejezactiva.cl\/index.php\/wp-json\/wp\/v2\/posts\/196\/revisions\/198"}],"wp:featuredmedia":[{"embeddable":true,"href":"https:\/\/vejezactiva.cl\/index.php\/wp-json\/wp\/v2\/media\/197"}],"wp:attachment":[{"href":"https:\/\/vejezactiva.cl\/index.php\/wp-json\/wp\/v2\/media?parent=196"}],"wp:term":[{"taxonomy":"category","embeddable":true,"href":"https:\/\/vejezactiva.cl\/index.php\/wp-json\/wp\/v2\/categories?post=196"},{"taxonomy":"post_tag","embeddable":true,"href":"https:\/\/vejezactiva.cl\/index.php\/wp-json\/wp\/v2\/tags?post=196"}],"curies":[{"name":"wp","href":"https:\/\/api.w.org\/{rel}","templated":true}]}}