{"id":190,"date":"2025-03-18T15:45:40","date_gmt":"2025-03-18T14:45:40","guid":{"rendered":"https:\/\/vejezactiva.cl\/?p=190"},"modified":"2025-03-18T15:45:40","modified_gmt":"2025-03-18T14:45:40","slug":"columna-de-opinion-derechos-humanos-de-las-personas-mayores","status":"publish","type":"post","link":"https:\/\/vejezactiva.cl\/index.php\/2025\/03\/18\/columna-de-opinion-derechos-humanos-de-las-personas-mayores\/","title":{"rendered":"Columna de opini\u00f3n: Derechos humanos de las personas mayores"},"content":{"rendered":"\n<p>Fecha 15 de junio de 2022, Fuente: <a href=\"https:\/\/www.elmostrador.cl\/noticias\/opinion\/2022\/06\/15\/derechos-humanos-de-las-personas-mayores\/\">https:\/\/www.elmostrador.cl\/noticias\/opinion\/2022\/06\/15\/derechos-humanos-de-las-personas-mayores\/<\/a><\/p>\n\n\n\n<p>Compartimos con ustedes nuestra nueva columna opini\u00f3n escrita por Javiera P\u00e9rez Duvauchelle y Paula P\u00e9rez Arias , ambas directoras regionales de nuestra fundaci\u00f3n.<\/p>\n","protected":false},"excerpt":{"rendered":"<p>Fecha 15 de junio de 2022, Fuente: https:\/\/www.elmostrador.cl\/noticias\/opinion\/2022\/06\/15\/derechos-humanos-de-las-personas-mayores\/ Compartimos con ustedes nuestra nueva columna opini\u00f3n escrita por Javiera P\u00e9rez Duvauchelle y Paula P\u00e9rez Arias , ambas directoras regionales de nuestra fundaci\u00f3n.<\/p>\n","protected":false},"author":1,"featured_media":191,"comment_status":"open","ping_status":"open","sticky":false,"template":"","format":"standard","meta":{"_et_pb_use_builder":"off","_et_pb_old_content":"","_et_gb_content_width":"","inline_featured_image":false,"footnotes":""},"categories":[6],"tags":[],"class_list":["post-190","post","type-post","status-publish","format-standard","has-post-thumbnail","hentry","category-noticias"],"_links":{"self":[{"href":"https:\/\/vejezactiva.cl\/index.php\/wp-json\/wp\/v2\/posts\/190","targetHints":{"allow":["GET"]}}],"collection":[{"href":"https:\/\/vejezactiva.cl\/index.php\/wp-json\/wp\/v2\/posts"}],"about":[{"href":"https:\/\/vejezactiva.cl\/index.php\/wp-json\/wp\/v2\/types\/post"}],"author":[{"embeddable":true,"href":"https:\/\/vejezactiva.cl\/index.php\/wp-json\/wp\/v2\/users\/1"}],"replies":[{"embeddable":true,"href":"https:\/\/vejezactiva.cl\/index.php\/wp-json\/wp\/v2\/comments?post=190"}],"version-history":[{"count":1,"href":"https:\/\/vejezactiva.cl\/index.php\/wp-json\/wp\/v2\/posts\/190\/revisions"}],"predecessor-version":[{"id":192,"href":"https:\/\/vejezactiva.cl\/index.php\/wp-json\/wp\/v2\/posts\/190\/revisions\/192"}],"wp:featuredmedia":[{"embeddable":true,"href":"https:\/\/vejezactiva.cl\/index.php\/wp-json\/wp\/v2\/media\/191"}],"wp:attachment":[{"href":"https:\/\/vejezactiva.cl\/index.php\/wp-json\/wp\/v2\/media?parent=190"}],"wp:term":[{"taxonomy":"category","embeddable":true,"href":"https:\/\/vejezactiva.cl\/index.php\/wp-json\/wp\/v2\/categories?post=190"},{"taxonomy":"post_tag","embeddable":true,"href":"https:\/\/vejezactiva.cl\/index.php\/wp-json\/wp\/v2\/tags?post=190"}],"curies":[{"name":"wp","href":"https:\/\/api.w.org\/{rel}","templated":true}]}}