{"id":178,"date":"2025-03-18T13:38:07","date_gmt":"2025-03-18T12:38:07","guid":{"rendered":"https:\/\/vejezactiva.cl\/?p=178"},"modified":"2025-03-18T13:38:08","modified_gmt":"2025-03-18T12:38:08","slug":"tenemos-un-nuevo-taller-experiencial-toser-amar-y-reir-tranquilas","status":"publish","type":"post","link":"https:\/\/vejezactiva.cl\/index.php\/2025\/03\/18\/tenemos-un-nuevo-taller-experiencial-toser-amar-y-reir-tranquilas\/","title":{"rendered":"Tenemos un nuevo taller experiencial: Toser, amar y re\u00edr tranquilas."},"content":{"rendered":"\n<p>Fecha 24 de mayo de 2022, Fuente @ Instagram&nbsp;<\/p>\n\n\n\n<p>Junto a la excelente Mg. Nadia Sep\u00falveda de Gerontoterapia.to , las&nbsp; invitamos a nuestro primer taller experiencial denominado \u201cToser, amar y re\u00edr tranquila\u201d.&nbsp;<\/p>\n\n\n\n<p>En esta oportunidad nos reuniremos para hablar sobre la importancia de cuidar, conocer y estimular el piso p\u00e9lvico. Porque \u00a1la incontinencia no es normal! y porque \u00a1La p\u00e9rdida de orina no es necesariamente sin\u00f3nimo de envejecimiento!.&nbsp;Desde Fundaci\u00f3n Vejez Activa Chile siempre&nbsp; hemos intentado acercar, transversalizar y compartir el conocimiento con todas\/os, es por esto que contamos con distintas facilidades que pueden consultarnos por nuestro correo <a href=\"mailto:hola@vejezactiva.cl\">hola@vejezactiva.cl<\/a><\/p>\n","protected":false},"excerpt":{"rendered":"<p>Fecha 24 de mayo de 2022, Fuente @ Instagram&nbsp; Junto a la excelente Mg. Nadia Sep\u00falveda de Gerontoterapia.to , las&nbsp; invitamos a nuestro primer taller experiencial denominado \u201cToser, amar y re\u00edr tranquila\u201d.&nbsp; En esta oportunidad nos reuniremos para hablar sobre la importancia de cuidar, conocer y estimular el piso p\u00e9lvico. Porque \u00a1la incontinencia no es [&hellip;]<\/p>\n","protected":false},"author":1,"featured_media":179,"comment_status":"open","ping_status":"open","sticky":false,"template":"","format":"standard","meta":{"_et_pb_use_builder":"off","_et_pb_old_content":"","_et_gb_content_width":"","inline_featured_image":false,"footnotes":""},"categories":[6],"tags":[],"class_list":["post-178","post","type-post","status-publish","format-standard","has-post-thumbnail","hentry","category-noticias"],"_links":{"self":[{"href":"https:\/\/vejezactiva.cl\/index.php\/wp-json\/wp\/v2\/posts\/178","targetHints":{"allow":["GET"]}}],"collection":[{"href":"https:\/\/vejezactiva.cl\/index.php\/wp-json\/wp\/v2\/posts"}],"about":[{"href":"https:\/\/vejezactiva.cl\/index.php\/wp-json\/wp\/v2\/types\/post"}],"author":[{"embeddable":true,"href":"https:\/\/vejezactiva.cl\/index.php\/wp-json\/wp\/v2\/users\/1"}],"replies":[{"embeddable":true,"href":"https:\/\/vejezactiva.cl\/index.php\/wp-json\/wp\/v2\/comments?post=178"}],"version-history":[{"count":1,"href":"https:\/\/vejezactiva.cl\/index.php\/wp-json\/wp\/v2\/posts\/178\/revisions"}],"predecessor-version":[{"id":180,"href":"https:\/\/vejezactiva.cl\/index.php\/wp-json\/wp\/v2\/posts\/178\/revisions\/180"}],"wp:featuredmedia":[{"embeddable":true,"href":"https:\/\/vejezactiva.cl\/index.php\/wp-json\/wp\/v2\/media\/179"}],"wp:attachment":[{"href":"https:\/\/vejezactiva.cl\/index.php\/wp-json\/wp\/v2\/media?parent=178"}],"wp:term":[{"taxonomy":"category","embeddable":true,"href":"https:\/\/vejezactiva.cl\/index.php\/wp-json\/wp\/v2\/categories?post=178"},{"taxonomy":"post_tag","embeddable":true,"href":"https:\/\/vejezactiva.cl\/index.php\/wp-json\/wp\/v2\/tags?post=178"}],"curies":[{"name":"wp","href":"https:\/\/api.w.org\/{rel}","templated":true}]}}