{"id":176,"date":"2025-03-18T13:37:02","date_gmt":"2025-03-18T12:37:02","guid":{"rendered":"https:\/\/vejezactiva.cl\/?p=176"},"modified":"2025-03-18T13:37:02","modified_gmt":"2025-03-18T12:37:02","slug":"participamos-en-el-programa-radial-las-personas-mayores-en-la-nueva-constitucion","status":"publish","type":"post","link":"https:\/\/vejezactiva.cl\/index.php\/2025\/03\/18\/participamos-en-el-programa-radial-las-personas-mayores-en-la-nueva-constitucion\/","title":{"rendered":"Participamos en el programa radial: Las Personas mayores en la Nueva Constituci\u00f3n"},"content":{"rendered":"\n<p>Fecha 09 de mayo de 2022, Fuente: @ Instagram&nbsp;<\/p>\n\n\n\n<p>Cuando decimos que el trabajo en equipo y colaborativo nos gusta y nos hace bien es porque \u00a1ES CIERTO!&nbsp;<\/p>\n\n\n\n<p>Y si a esto le sumamos interdisciplinariedades, intergeneracionalidad, descentralizaci\u00f3n y ciudadan\u00eda: se vuelve irresistible.<\/p>\n\n\n\n<p>Escuchen a nuestra Directora Javi P\u00e9rez Duvauchelle, a Enrique Gajardo y Patricio Sald\u00edvar, en el programa radial \u201cvoces mayores \u201c , en su cap\u00edtulo 4 producido por la fundaci\u00f3n Gero Zoom.<\/p>\n","protected":false},"excerpt":{"rendered":"<p>Fecha 09 de mayo de 2022, Fuente: @ Instagram&nbsp; Cuando decimos que el trabajo en equipo y colaborativo nos gusta y nos hace bien es porque \u00a1ES CIERTO!&nbsp; Y si a esto le sumamos interdisciplinariedades, intergeneracionalidad, descentralizaci\u00f3n y ciudadan\u00eda: se vuelve irresistible. Escuchen a nuestra Directora Javi P\u00e9rez Duvauchelle, a Enrique Gajardo y Patricio Sald\u00edvar, [&hellip;]<\/p>\n","protected":false},"author":1,"featured_media":163,"comment_status":"open","ping_status":"open","sticky":false,"template":"","format":"standard","meta":{"_et_pb_use_builder":"off","_et_pb_old_content":"","_et_gb_content_width":"","inline_featured_image":false,"footnotes":""},"categories":[6],"tags":[],"class_list":["post-176","post","type-post","status-publish","format-standard","has-post-thumbnail","hentry","category-noticias"],"_links":{"self":[{"href":"https:\/\/vejezactiva.cl\/index.php\/wp-json\/wp\/v2\/posts\/176","targetHints":{"allow":["GET"]}}],"collection":[{"href":"https:\/\/vejezactiva.cl\/index.php\/wp-json\/wp\/v2\/posts"}],"about":[{"href":"https:\/\/vejezactiva.cl\/index.php\/wp-json\/wp\/v2\/types\/post"}],"author":[{"embeddable":true,"href":"https:\/\/vejezactiva.cl\/index.php\/wp-json\/wp\/v2\/users\/1"}],"replies":[{"embeddable":true,"href":"https:\/\/vejezactiva.cl\/index.php\/wp-json\/wp\/v2\/comments?post=176"}],"version-history":[{"count":1,"href":"https:\/\/vejezactiva.cl\/index.php\/wp-json\/wp\/v2\/posts\/176\/revisions"}],"predecessor-version":[{"id":177,"href":"https:\/\/vejezactiva.cl\/index.php\/wp-json\/wp\/v2\/posts\/176\/revisions\/177"}],"wp:featuredmedia":[{"embeddable":true,"href":"https:\/\/vejezactiva.cl\/index.php\/wp-json\/wp\/v2\/media\/163"}],"wp:attachment":[{"href":"https:\/\/vejezactiva.cl\/index.php\/wp-json\/wp\/v2\/media?parent=176"}],"wp:term":[{"taxonomy":"category","embeddable":true,"href":"https:\/\/vejezactiva.cl\/index.php\/wp-json\/wp\/v2\/categories?post=176"},{"taxonomy":"post_tag","embeddable":true,"href":"https:\/\/vejezactiva.cl\/index.php\/wp-json\/wp\/v2\/tags?post=176"}],"curies":[{"name":"wp","href":"https:\/\/api.w.org\/{rel}","templated":true}]}}