{"id":173,"date":"2025-03-18T13:36:20","date_gmt":"2025-03-18T12:36:20","guid":{"rendered":"https:\/\/vejezactiva.cl\/?p=173"},"modified":"2025-03-18T13:37:11","modified_gmt":"2025-03-18T12:37:11","slug":"fundacion-vejez-activa-chile-es-parte-de-la-mesa-de-trabajo-un-chile-para-todas-las-edades","status":"publish","type":"post","link":"https:\/\/vejezactiva.cl\/index.php\/2025\/03\/18\/fundacion-vejez-activa-chile-es-parte-de-la-mesa-de-trabajo-un-chile-para-todas-las-edades\/","title":{"rendered":"Fundaci\u00f3n Vejez Activa Chile es parte de la mesa de trabajo \u201cUn Chile para todas las edades\u201d"},"content":{"rendered":"\n<p>Fecha 06 de abril de 2022, Fuente: @ Instagram&nbsp;<\/p>\n\n\n\n<p>Desde la Mesa de trabajo para el Reconocimiento Constitucional de los Derechos de las Personas Mayores hacemos un llamado a las y los convencionales para tomar las indicaciones elaboradas por organizaciones de la sociedad civil con el objetivo de fortalecer el reconocimiento constitucional de los derechos de las personas mayores.&nbsp;<\/p>\n\n\n\n<p>Para este trabajo se definieron 5 ejes que deben considerarse en la nueva constituci\u00f3n para asegurar as\u00ed el real ejercicio de los derechos de las Personas Mayores.<\/p>\n\n\n\n<p>EJES:<\/p>\n\n\n\n<p>1. Asegurar autonom\u00eda, independencia, pleno ejercicio de derechos y vejez digna.<\/p>\n\n\n\n<p>2. Evitar toda discriminaci\u00f3n y maltrato por razones de edad.<\/p>\n\n\n\n<p>3. Asegurar cobertura de todas las necesidades b\u00e1sicas (no s\u00f3lo pensi\u00f3n)<\/p>\n\n\n\n<p>4. Corresponsabilidad entre Estado, Sociedad y Familias en la promoci\u00f3n y protecci\u00f3n de derechos.<\/p>\n\n\n\n<p>5. Pol\u00edtica nacional integral e intersectorial<\/p>\n\n\n\n<p>Creemos firmemente en que podemos avanzar juntas y juntos por un Chile para todas las edades.<\/p>\n","protected":false},"excerpt":{"rendered":"<p>Fecha 06 de abril de 2022, Fuente: @ Instagram&nbsp; Desde la Mesa de trabajo para el Reconocimiento Constitucional de los Derechos de las Personas Mayores hacemos un llamado a las y los convencionales para tomar las indicaciones elaboradas por organizaciones de la sociedad civil con el objetivo de fortalecer el reconocimiento constitucional de los derechos [&hellip;]<\/p>\n","protected":false},"author":1,"featured_media":174,"comment_status":"closed","ping_status":"closed","sticky":false,"template":"","format":"standard","meta":{"_et_pb_use_builder":"off","_et_pb_old_content":"","_et_gb_content_width":"","inline_featured_image":false,"footnotes":""},"categories":[6],"tags":[],"class_list":["post-173","post","type-post","status-publish","format-standard","has-post-thumbnail","hentry","category-noticias"],"_links":{"self":[{"href":"https:\/\/vejezactiva.cl\/index.php\/wp-json\/wp\/v2\/posts\/173","targetHints":{"allow":["GET"]}}],"collection":[{"href":"https:\/\/vejezactiva.cl\/index.php\/wp-json\/wp\/v2\/posts"}],"about":[{"href":"https:\/\/vejezactiva.cl\/index.php\/wp-json\/wp\/v2\/types\/post"}],"author":[{"embeddable":true,"href":"https:\/\/vejezactiva.cl\/index.php\/wp-json\/wp\/v2\/users\/1"}],"replies":[{"embeddable":true,"href":"https:\/\/vejezactiva.cl\/index.php\/wp-json\/wp\/v2\/comments?post=173"}],"version-history":[{"count":1,"href":"https:\/\/vejezactiva.cl\/index.php\/wp-json\/wp\/v2\/posts\/173\/revisions"}],"predecessor-version":[{"id":175,"href":"https:\/\/vejezactiva.cl\/index.php\/wp-json\/wp\/v2\/posts\/173\/revisions\/175"}],"wp:featuredmedia":[{"embeddable":true,"href":"https:\/\/vejezactiva.cl\/index.php\/wp-json\/wp\/v2\/media\/174"}],"wp:attachment":[{"href":"https:\/\/vejezactiva.cl\/index.php\/wp-json\/wp\/v2\/media?parent=173"}],"wp:term":[{"taxonomy":"category","embeddable":true,"href":"https:\/\/vejezactiva.cl\/index.php\/wp-json\/wp\/v2\/categories?post=173"},{"taxonomy":"post_tag","embeddable":true,"href":"https:\/\/vejezactiva.cl\/index.php\/wp-json\/wp\/v2\/tags?post=173"}],"curies":[{"name":"wp","href":"https:\/\/api.w.org\/{rel}","templated":true}]}}