{"id":162,"date":"2025-03-18T13:31:32","date_gmt":"2025-03-18T12:31:32","guid":{"rendered":"https:\/\/vejezactiva.cl\/?p=162"},"modified":"2025-03-18T13:31:49","modified_gmt":"2025-03-18T12:31:49","slug":"somos-una-fundacion","status":"publish","type":"post","link":"https:\/\/vejezactiva.cl\/index.php\/2025\/03\/18\/somos-una-fundacion\/","title":{"rendered":"\u00a1Somos una fundaci\u00f3n!\u00a0"},"content":{"rendered":"\n<p>Fecha 01 de marzo de 2022, Fuente: @ Instagram<\/p>\n\n\n\n<p>Con el fin de seguir con nuestros objetivos, junto a un gran equipo de personas comprometidas con la dignidad y la salud a lo largo de toda la trayectoria vital, nos conformamos como Fundaci\u00f3n.<\/p>\n\n\n\n<p>Gracias a quienes nos han acompa\u00f1ado en este camino y c\u00f3mo siempre les invitamos a \u00a1ser una vejez activa! y ser parte de esta instituci\u00f3n que entrega Gerontolog\u00eda a la comunidad.<\/p>\n","protected":false},"excerpt":{"rendered":"<p>Fecha 01 de marzo de 2022, Fuente: @ Instagram Con el fin de seguir con nuestros objetivos, junto a un gran equipo de personas comprometidas con la dignidad y la salud a lo largo de toda la trayectoria vital, nos conformamos como Fundaci\u00f3n. Gracias a quienes nos han acompa\u00f1ado en este camino y c\u00f3mo siempre [&hellip;]<\/p>\n","protected":false},"author":1,"featured_media":163,"comment_status":"closed","ping_status":"closed","sticky":false,"template":"","format":"standard","meta":{"_et_pb_use_builder":"off","_et_pb_old_content":"","_et_gb_content_width":"","inline_featured_image":false,"footnotes":""},"categories":[6],"tags":[],"class_list":["post-162","post","type-post","status-publish","format-standard","has-post-thumbnail","hentry","category-noticias"],"_links":{"self":[{"href":"https:\/\/vejezactiva.cl\/index.php\/wp-json\/wp\/v2\/posts\/162","targetHints":{"allow":["GET"]}}],"collection":[{"href":"https:\/\/vejezactiva.cl\/index.php\/wp-json\/wp\/v2\/posts"}],"about":[{"href":"https:\/\/vejezactiva.cl\/index.php\/wp-json\/wp\/v2\/types\/post"}],"author":[{"embeddable":true,"href":"https:\/\/vejezactiva.cl\/index.php\/wp-json\/wp\/v2\/users\/1"}],"replies":[{"embeddable":true,"href":"https:\/\/vejezactiva.cl\/index.php\/wp-json\/wp\/v2\/comments?post=162"}],"version-history":[{"count":1,"href":"https:\/\/vejezactiva.cl\/index.php\/wp-json\/wp\/v2\/posts\/162\/revisions"}],"predecessor-version":[{"id":164,"href":"https:\/\/vejezactiva.cl\/index.php\/wp-json\/wp\/v2\/posts\/162\/revisions\/164"}],"wp:featuredmedia":[{"embeddable":true,"href":"https:\/\/vejezactiva.cl\/index.php\/wp-json\/wp\/v2\/media\/163"}],"wp:attachment":[{"href":"https:\/\/vejezactiva.cl\/index.php\/wp-json\/wp\/v2\/media?parent=162"}],"wp:term":[{"taxonomy":"category","embeddable":true,"href":"https:\/\/vejezactiva.cl\/index.php\/wp-json\/wp\/v2\/categories?post=162"},{"taxonomy":"post_tag","embeddable":true,"href":"https:\/\/vejezactiva.cl\/index.php\/wp-json\/wp\/v2\/tags?post=162"}],"curies":[{"name":"wp","href":"https:\/\/api.w.org\/{rel}","templated":true}]}}