{"id":130,"date":"2025-03-07T20:31:22","date_gmt":"2025-03-07T19:31:22","guid":{"rendered":"http:\/\/vejezactiva.cl\/?p=130"},"modified":"2025-03-07T20:31:22","modified_gmt":"2025-03-07T19:31:22","slug":"fundacion-vejez-activa-presente-en-la-charla-telemedicina-y-salud-mental-democratizar-el-acceso-organizada-por-openseniors","status":"publish","type":"post","link":"https:\/\/vejezactiva.cl\/index.php\/2025\/03\/07\/fundacion-vejez-activa-presente-en-la-charla-telemedicina-y-salud-mental-democratizar-el-acceso-organizada-por-openseniors\/","title":{"rendered":"Fundaci\u00f3n Vejez Activa presente en la charla \u00abTelemedicina y Salud Mental: democratizar el acceso\u00bb organizada por OpenSeniors"},"content":{"rendered":"\n<p>Fecha 23 de marzo de 2023 v\u00eda @linkedin openbeauchef<\/p>\n\n\n\n<p>En representaci\u00f3n de nuestra Fundaci\u00f3n, Catherine Aravena Valero expuso sobre la importancia de los avances tecnol\u00f3gicos relacionados al \u00e1rea de la salud y c\u00f3mo se relaciona directamente con la salud mental, principalmente para las personas mayores. Junto a ella, en esta charla abierta y en modalidad virtual, tambi\u00e9n particip\u00f3 Sara Nazal de&nbsp; <a href=\"https:\/\/www.linkedin.com\/company\/salutadigital\/\">Saluta &#8211; Centro de Salud Digital <\/a>.<\/p>\n\n\n\n<p>La actividad virtual cont\u00f3 con una gran convocatoria y con presencia intergeneracional. Agradecemos la invitaci\u00f3n de OpenSeniors e invitamos a seguir inform\u00e1ndose los pr\u00f3ximos acontecimientos que llevar\u00e1 a cabo el proyecto de OpenBeauchef en relaci\u00f3n a la econom\u00eda plateada.<\/p>\n\n\n\n<figure class=\"wp-block-image size-large\"><img loading=\"lazy\" decoding=\"async\" width=\"1024\" height=\"1024\" src=\"http:\/\/vejezactiva.cl\/wp-content\/uploads\/2025\/03\/Captura-de-pantalla-2025-03-07-a-las-16.30.18-1024x1024.png\" alt=\"\" class=\"wp-image-131\" srcset=\"http:\/\/vejezactiva.cl\/wp-content\/uploads\/2025\/03\/Captura-de-pantalla-2025-03-07-a-las-16.30.18-1024x1024.png 1024w, http:\/\/vejezactiva.cl\/wp-content\/uploads\/2025\/03\/Captura-de-pantalla-2025-03-07-a-las-16.30.18-980x980.png 980w, http:\/\/vejezactiva.cl\/wp-content\/uploads\/2025\/03\/Captura-de-pantalla-2025-03-07-a-las-16.30.18-480x480.png 480w\" sizes=\"(min-width: 0px) and (max-width: 480px) 480px, (min-width: 481px) and (max-width: 980px) 980px, (min-width: 981px) 1024px, 100vw\" \/><\/figure>\n","protected":false},"excerpt":{"rendered":"<p>Fecha 23 de marzo de 2023 v\u00eda @linkedin openbeauchef En representaci\u00f3n de nuestra Fundaci\u00f3n, Catherine Aravena Valero expuso sobre la importancia de los avances tecnol\u00f3gicos relacionados al \u00e1rea de la salud y c\u00f3mo se relaciona directamente con la salud mental, principalmente para las personas mayores. Junto a ella, en esta charla abierta y en modalidad [&hellip;]<\/p>\n","protected":false},"author":1,"featured_media":132,"comment_status":"open","ping_status":"open","sticky":false,"template":"","format":"standard","meta":{"_et_pb_use_builder":"off","_et_pb_old_content":"","_et_gb_content_width":"","inline_featured_image":false,"footnotes":""},"categories":[6],"tags":[],"class_list":["post-130","post","type-post","status-publish","format-standard","has-post-thumbnail","hentry","category-noticias"],"_links":{"self":[{"href":"https:\/\/vejezactiva.cl\/index.php\/wp-json\/wp\/v2\/posts\/130","targetHints":{"allow":["GET"]}}],"collection":[{"href":"https:\/\/vejezactiva.cl\/index.php\/wp-json\/wp\/v2\/posts"}],"about":[{"href":"https:\/\/vejezactiva.cl\/index.php\/wp-json\/wp\/v2\/types\/post"}],"author":[{"embeddable":true,"href":"https:\/\/vejezactiva.cl\/index.php\/wp-json\/wp\/v2\/users\/1"}],"replies":[{"embeddable":true,"href":"https:\/\/vejezactiva.cl\/index.php\/wp-json\/wp\/v2\/comments?post=130"}],"version-history":[{"count":1,"href":"https:\/\/vejezactiva.cl\/index.php\/wp-json\/wp\/v2\/posts\/130\/revisions"}],"predecessor-version":[{"id":133,"href":"https:\/\/vejezactiva.cl\/index.php\/wp-json\/wp\/v2\/posts\/130\/revisions\/133"}],"wp:featuredmedia":[{"embeddable":true,"href":"https:\/\/vejezactiva.cl\/index.php\/wp-json\/wp\/v2\/media\/132"}],"wp:attachment":[{"href":"https:\/\/vejezactiva.cl\/index.php\/wp-json\/wp\/v2\/media?parent=130"}],"wp:term":[{"taxonomy":"category","embeddable":true,"href":"https:\/\/vejezactiva.cl\/index.php\/wp-json\/wp\/v2\/categories?post=130"},{"taxonomy":"post_tag","embeddable":true,"href":"https:\/\/vejezactiva.cl\/index.php\/wp-json\/wp\/v2\/tags?post=130"}],"curies":[{"name":"wp","href":"https:\/\/api.w.org\/{rel}","templated":true}]}}