{"id":125,"date":"2025-03-07T20:29:33","date_gmt":"2025-03-07T19:29:33","guid":{"rendered":"http:\/\/vejezactiva.cl\/?p=125"},"modified":"2025-03-07T20:29:33","modified_gmt":"2025-03-07T19:29:33","slug":"8m-fundacion-vejez-activa-conmemoracion-en-las-calles-de-valdivia","status":"publish","type":"post","link":"https:\/\/vejezactiva.cl\/index.php\/2025\/03\/07\/8m-fundacion-vejez-activa-conmemoracion-en-las-calles-de-valdivia\/","title":{"rendered":"8M Fundaci\u00f3n Vejez Activa: conmemoraci\u00f3n en las Calles de Valdivia"},"content":{"rendered":"\n<p>Fecha 08 de marzo de 2023, @ vejezactivachile<\/p>\n\n\n\n<p>Como cada 8 de marzo, nuestra fundaci\u00f3n conmemor\u00f3 a las mujeres que silenciosamente han forjado la historia de nuestro pa\u00eds. Aquellas que an\u00f3nimamente d\u00eda a d\u00eda trabajan para que la equidad se haga realidad.\u00a0<\/p>\n\n\n\n<p><br>En este contexto, nuestra Directora de la regi\u00f3n de Los R\u00edos, Javiera P\u00e9rez Duvauchelle,\u00a0 particip\u00f3 de la marcha intergeneracional convocada por el d\u00eda internacional de la mujer. Nuestro lema escogido fue <em>\u201cPara recordar y conmemorar. <\/em><\/p>\n\n\n\n<p><em>Juntas seguimos haciendo historia\u201d <\/em>buscamos visibilizar la importancia de la participaci\u00f3n social, la memoria colectiva y la intergeneracionalidad frente a procesos vitales como el envejecimiento, m\u00e1s a\u00fan cuando la mayor\u00eda de la poblaci\u00f3n mayor de Chile son mujeres. Les invitamos a revisar el registro fotogr\u00e1fico de esta jornada y a reflexionar sobre la feminizaci\u00f3n de las vejeces Chilenas.<\/p>\n\n\n\n<figure class=\"wp-block-image size-full is-resized\"><img loading=\"lazy\" decoding=\"async\" width=\"564\" height=\"628\" src=\"http:\/\/vejezactiva.cl\/wp-content\/uploads\/2025\/03\/Captura-de-pantalla-2025-03-07-a-las-16.29.03.png\" alt=\"\" class=\"wp-image-127\" style=\"width:187px;height:auto\" srcset=\"http:\/\/vejezactiva.cl\/wp-content\/uploads\/2025\/03\/Captura-de-pantalla-2025-03-07-a-las-16.29.03.png 564w, http:\/\/vejezactiva.cl\/wp-content\/uploads\/2025\/03\/Captura-de-pantalla-2025-03-07-a-las-16.29.03-480x534.png 480w\" sizes=\"(min-width: 0px) and (max-width: 480px) 480px, (min-width: 481px) 564px, 100vw\" \/><\/figure>\n","protected":false},"excerpt":{"rendered":"<p>Fecha 08 de marzo de 2023, @ vejezactivachile Como cada 8 de marzo, nuestra fundaci\u00f3n conmemor\u00f3 a las mujeres que silenciosamente han forjado la historia de nuestro pa\u00eds. Aquellas que an\u00f3nimamente d\u00eda a d\u00eda trabajan para que la equidad se haga realidad.\u00a0 En este contexto, nuestra Directora de la regi\u00f3n de Los R\u00edos, Javiera P\u00e9rez [&hellip;]<\/p>\n","protected":false},"author":1,"featured_media":126,"comment_status":"open","ping_status":"open","sticky":false,"template":"","format":"standard","meta":{"_et_pb_use_builder":"off","_et_pb_old_content":"","_et_gb_content_width":"","inline_featured_image":false,"footnotes":""},"categories":[6],"tags":[],"class_list":["post-125","post","type-post","status-publish","format-standard","has-post-thumbnail","hentry","category-noticias"],"_links":{"self":[{"href":"https:\/\/vejezactiva.cl\/index.php\/wp-json\/wp\/v2\/posts\/125","targetHints":{"allow":["GET"]}}],"collection":[{"href":"https:\/\/vejezactiva.cl\/index.php\/wp-json\/wp\/v2\/posts"}],"about":[{"href":"https:\/\/vejezactiva.cl\/index.php\/wp-json\/wp\/v2\/types\/post"}],"author":[{"embeddable":true,"href":"https:\/\/vejezactiva.cl\/index.php\/wp-json\/wp\/v2\/users\/1"}],"replies":[{"embeddable":true,"href":"https:\/\/vejezactiva.cl\/index.php\/wp-json\/wp\/v2\/comments?post=125"}],"version-history":[{"count":1,"href":"https:\/\/vejezactiva.cl\/index.php\/wp-json\/wp\/v2\/posts\/125\/revisions"}],"predecessor-version":[{"id":128,"href":"https:\/\/vejezactiva.cl\/index.php\/wp-json\/wp\/v2\/posts\/125\/revisions\/128"}],"wp:featuredmedia":[{"embeddable":true,"href":"https:\/\/vejezactiva.cl\/index.php\/wp-json\/wp\/v2\/media\/126"}],"wp:attachment":[{"href":"https:\/\/vejezactiva.cl\/index.php\/wp-json\/wp\/v2\/media?parent=125"}],"wp:term":[{"taxonomy":"category","embeddable":true,"href":"https:\/\/vejezactiva.cl\/index.php\/wp-json\/wp\/v2\/categories?post=125"},{"taxonomy":"post_tag","embeddable":true,"href":"https:\/\/vejezactiva.cl\/index.php\/wp-json\/wp\/v2\/tags?post=125"}],"curies":[{"name":"wp","href":"https:\/\/api.w.org\/{rel}","templated":true}]}}