{"id":120,"date":"2025-03-07T20:25:46","date_gmt":"2025-03-07T19:25:46","guid":{"rendered":"http:\/\/vejezactiva.cl\/?p=120"},"modified":"2025-03-07T20:26:14","modified_gmt":"2025-03-07T19:26:14","slug":"revisa-la-entrevista-realizada-por-revista-paula-de-la-tercera-a-nuestra-directora","status":"publish","type":"post","link":"https:\/\/vejezactiva.cl\/index.php\/2025\/03\/07\/revisa-la-entrevista-realizada-por-revista-paula-de-la-tercera-a-nuestra-directora\/","title":{"rendered":"Revisa la entrevista realizada por revista Paula de La Tercera a nuestra Directora"},"content":{"rendered":"\n<p>Fecha 16 de enero de 2023, v\u00eda @ vejezactivachile<\/p>\n\n\n\n<p>Comenzamos el a\u00f1o compartiendo una entrevista realizada por la periodista Consuelo Lomas de Paula (La tercera) a nuestra Directora Catherine Aravena Valero. El objetivo es conversar sobre la <em>cuarta edad <\/em>y c\u00f3mo podemos prepararnos debido a que, seg\u00fan estudios internacionales, Chile es uno de los pa\u00edses m\u00e1s envejecidos de la regi\u00f3n latinoamericana y con las expectativas de vida m\u00e1s largas entre sus habitantes.&nbsp;<\/p>\n\n\n\n<p>En relaci\u00f3n a la salud mental, nuestra Directora se\u00f1ala que \u201cSe espera que ocurran procesos reflexivos respecto a c\u00f3mo fue el curso vital, reconociendo posibilidades de mejora y dando cabida a cuestionamientos personales\u201d, comenta Catherine Aravena.&nbsp;<\/p>\n\n\n\n<p>Adem\u00e1s, \u201cSobre los 80 a\u00f1os inexorablemente enfrentar\u00e1n la muerte. La pregunta principal ya no es el cu\u00e1ndo, sino que el c\u00f3mo\u2026\u201d<\/p>\n\n\n\n<p>Para leer esta interesante nota, te invitamos a ingresar al siguiente link:<\/p>\n\n\n\n<p><a href=\"https:\/\/www.latercera.com\/paula\/la-4ta-edad-y-por-que-tenemos-que-estar-preparados\">https:\/\/www.latercera.com\/paula\/la-4ta-edad-y-por-que-tenemos-que-estar-preparados<\/a><\/p>\n","protected":false},"excerpt":{"rendered":"<p>Fecha 16 de enero de 2023, v\u00eda @ vejezactivachile Comenzamos el a\u00f1o compartiendo una entrevista realizada por la periodista Consuelo Lomas de Paula (La tercera) a nuestra Directora Catherine Aravena Valero. El objetivo es conversar sobre la cuarta edad y c\u00f3mo podemos prepararnos debido a que, seg\u00fan estudios internacionales, Chile es uno de los pa\u00edses [&hellip;]<\/p>\n","protected":false},"author":1,"featured_media":121,"comment_status":"open","ping_status":"open","sticky":false,"template":"","format":"standard","meta":{"_et_pb_use_builder":"off","_et_pb_old_content":"","_et_gb_content_width":"","inline_featured_image":false,"footnotes":""},"categories":[6],"tags":[],"class_list":["post-120","post","type-post","status-publish","format-standard","has-post-thumbnail","hentry","category-noticias"],"_links":{"self":[{"href":"https:\/\/vejezactiva.cl\/index.php\/wp-json\/wp\/v2\/posts\/120","targetHints":{"allow":["GET"]}}],"collection":[{"href":"https:\/\/vejezactiva.cl\/index.php\/wp-json\/wp\/v2\/posts"}],"about":[{"href":"https:\/\/vejezactiva.cl\/index.php\/wp-json\/wp\/v2\/types\/post"}],"author":[{"embeddable":true,"href":"https:\/\/vejezactiva.cl\/index.php\/wp-json\/wp\/v2\/users\/1"}],"replies":[{"embeddable":true,"href":"https:\/\/vejezactiva.cl\/index.php\/wp-json\/wp\/v2\/comments?post=120"}],"version-history":[{"count":1,"href":"https:\/\/vejezactiva.cl\/index.php\/wp-json\/wp\/v2\/posts\/120\/revisions"}],"predecessor-version":[{"id":122,"href":"https:\/\/vejezactiva.cl\/index.php\/wp-json\/wp\/v2\/posts\/120\/revisions\/122"}],"wp:featuredmedia":[{"embeddable":true,"href":"https:\/\/vejezactiva.cl\/index.php\/wp-json\/wp\/v2\/media\/121"}],"wp:attachment":[{"href":"https:\/\/vejezactiva.cl\/index.php\/wp-json\/wp\/v2\/media?parent=120"}],"wp:term":[{"taxonomy":"category","embeddable":true,"href":"https:\/\/vejezactiva.cl\/index.php\/wp-json\/wp\/v2\/categories?post=120"},{"taxonomy":"post_tag","embeddable":true,"href":"https:\/\/vejezactiva.cl\/index.php\/wp-json\/wp\/v2\/tags?post=120"}],"curies":[{"name":"wp","href":"https:\/\/api.w.org\/{rel}","templated":true}]}}