{"id":289,"date":"2025-03-18T19:50:30","date_gmt":"2025-03-18T18:50:30","guid":{"rendered":"https:\/\/vejezactiva.cl\/?p=289"},"modified":"2025-03-18T19:50:32","modified_gmt":"2025-03-18T18:50:32","slug":"conmemoracion-internacional-del-dia-de-la-mujer-y-el-recordatorio-de-la-muerte-de-maria-el-llamado-a-la-justicia-de-nuestra-directora","status":"publish","type":"post","link":"http:\/\/vejezactiva.cl\/index.php\/2025\/03\/18\/conmemoracion-internacional-del-dia-de-la-mujer-y-el-recordatorio-de-la-muerte-de-maria-el-llamado-a-la-justicia-de-nuestra-directora\/","title":{"rendered":"Conmemoraci\u00f3n Internacional del d\u00eda de la mujer y el recordatorio de la Muerte de Mar\u00eda: el llamado a la justicia de nuestra Directora"},"content":{"rendered":"\n<p>Fecha 12 de Marzo de 2025, Fuente @<\/p>\n\n\n\n<figure class=\"wp-block-embed\"><div class=\"wp-block-embed__wrapper\">\nhttps:\/\/eldesconcierto.cl\/2025\/03\/12\/maria-la-adulta-mayor-que-fallecio-ahogada-por-la-negligencia\n<\/div><\/figure>\n\n\n\n<p>Compartimos una columna escrita y publicada en El Desconcierto, con el fin de recordar la negligencia vivida por Mar\u00eda, lo que provoc\u00f3 su prematura muerte.<\/p>\n\n\n\n<p>No es solo el 8 de Marzo.<\/p>\n\n\n\n<p>Siempre es un d\u00eda para recordar, conmemorar y exigir dignidad.<\/p>\n\n\n\n<p>Hoy recordamos a Mar\u00eda Caricheo Pailalef.<\/p>\n\n\n\n<p>Mar\u00eda falleci\u00f3 ahogada por la negligencia.<\/p>\n","protected":false},"excerpt":{"rendered":"<p>Fecha 12 de Marzo de 2025, Fuente @ Compartimos una columna escrita y publicada en El Desconcierto, con el fin de recordar la negligencia vivida por Mar\u00eda, lo que provoc\u00f3 su prematura muerte. No es solo el 8 de Marzo. Siempre es un d\u00eda para recordar, conmemorar y exigir dignidad. Hoy recordamos a Mar\u00eda Caricheo [&hellip;]<\/p>\n","protected":false},"author":1,"featured_media":290,"comment_status":"open","ping_status":"open","sticky":false,"template":"","format":"standard","meta":{"_et_pb_use_builder":"off","_et_pb_old_content":"","_et_gb_content_width":"","inline_featured_image":false,"footnotes":""},"categories":[6],"tags":[],"class_list":["post-289","post","type-post","status-publish","format-standard","has-post-thumbnail","hentry","category-noticias"],"_links":{"self":[{"href":"http:\/\/vejezactiva.cl\/index.php\/wp-json\/wp\/v2\/posts\/289","targetHints":{"allow":["GET"]}}],"collection":[{"href":"http:\/\/vejezactiva.cl\/index.php\/wp-json\/wp\/v2\/posts"}],"about":[{"href":"http:\/\/vejezactiva.cl\/index.php\/wp-json\/wp\/v2\/types\/post"}],"author":[{"embeddable":true,"href":"http:\/\/vejezactiva.cl\/index.php\/wp-json\/wp\/v2\/users\/1"}],"replies":[{"embeddable":true,"href":"http:\/\/vejezactiva.cl\/index.php\/wp-json\/wp\/v2\/comments?post=289"}],"version-history":[{"count":1,"href":"http:\/\/vejezactiva.cl\/index.php\/wp-json\/wp\/v2\/posts\/289\/revisions"}],"predecessor-version":[{"id":291,"href":"http:\/\/vejezactiva.cl\/index.php\/wp-json\/wp\/v2\/posts\/289\/revisions\/291"}],"wp:featuredmedia":[{"embeddable":true,"href":"http:\/\/vejezactiva.cl\/index.php\/wp-json\/wp\/v2\/media\/290"}],"wp:attachment":[{"href":"http:\/\/vejezactiva.cl\/index.php\/wp-json\/wp\/v2\/media?parent=289"}],"wp:term":[{"taxonomy":"category","embeddable":true,"href":"http:\/\/vejezactiva.cl\/index.php\/wp-json\/wp\/v2\/categories?post=289"},{"taxonomy":"post_tag","embeddable":true,"href":"http:\/\/vejezactiva.cl\/index.php\/wp-json\/wp\/v2\/tags?post=289"}],"curies":[{"name":"wp","href":"https:\/\/api.w.org\/{rel}","templated":true}]}}